{"id":11073,"date":"2026-09-06T20:14:52","date_gmt":"2026-09-06T18:14:52","guid":{"rendered":"https:\/\/www.lacgtmontreuil.fr\/?p=11073"},"modified":"2026-09-06T20:14:53","modified_gmt":"2026-09-06T18:14:53","slug":"je-tu-ul-n532-clap-de-fin","status":"publish","type":"post","link":"https:\/\/www.lacgtmontreuil.fr\/?p=11073","title":{"rendered":"Je, Tu, UL n\u00b0532 &#8211; CLAP DE FIN"},"content":{"rendered":"240, rue de Rosny \u2013 La R\u00c9SERVE DES ARTS, recyclerie associative de mat\u00e9riaux pour le spectacle, a mis la cl\u00e9 sous la porte le 1er septembre et licencie sa trentaine de salari\u00e9s. Le Tribunal Judiciaire aura finalement partag\u00e9 le diagnostic du CSE sur les fautes de gestion de la direction, sans permettre la reprise ou la continuit\u00e9 de l\u2019activit\u00e9.","protected":false},"excerpt":{"rendered":"<p>240, rue de Rosny \u2013 La R\u00c9SERVE DES ARTS, recyclerie associative de mat\u00e9riaux pour le spectacle, a mis la cl\u00e9 sous la porte le 1er septembre et licencie sa trentaine de salari\u00e9s. Le Tribunal Judiciaire aura finalement partag\u00e9 le diagnostic du CSE sur les fautes de gestion de la direction, sans permettre la reprise ou &hellip; <\/p>\n","protected":false},"author":19,"featured_media":0,"comment_status":"closed","ping_status":"open","sticky":false,"template":"","format":"standard","meta":{"footnotes":""},"categories":[2],"tags":[],"class_list":{"0":"entry","1":"post","2":"publish","3":"author-sebastien","4":"post-11073","6":"format-standard","7":"category-je-tu-ul"},"_links":{"self":[{"href":"https:\/\/www.lacgtmontreuil.fr\/index.php?rest_route=\/wp\/v2\/posts\/11073","targetHints":{"allow":["GET"]}}],"collection":[{"href":"https:\/\/www.lacgtmontreuil.fr\/index.php?rest_route=\/wp\/v2\/posts"}],"about":[{"href":"https:\/\/www.lacgtmontreuil.fr\/index.php?rest_route=\/wp\/v2\/types\/post"}],"author":[{"embeddable":true,"href":"https:\/\/www.lacgtmontreuil.fr\/index.php?rest_route=\/wp\/v2\/users\/19"}],"replies":[{"embeddable":true,"href":"https:\/\/www.lacgtmontreuil.fr\/index.php?rest_route=%2Fwp%2Fv2%2Fcomments&post=11073"}],"version-history":[{"count":1,"href":"https:\/\/www.lacgtmontreuil.fr\/index.php?rest_route=\/wp\/v2\/posts\/11073\/revisions"}],"predecessor-version":[{"id":11075,"href":"https:\/\/www.lacgtmontreuil.fr\/index.php?rest_route=\/wp\/v2\/posts\/11073\/revisions\/11075"}],"wp:attachment":[{"href":"https:\/\/www.lacgtmontreuil.fr\/index.php?rest_route=%2Fwp%2Fv2%2Fmedia&parent=11073"}],"wp:term":[{"taxonomy":"category","embeddable":true,"href":"https:\/\/www.lacgtmontreuil.fr\/index.php?rest_route=%2Fwp%2Fv2%2Fcategories&post=11073"},{"taxonomy":"post_tag","embeddable":true,"href":"https:\/\/www.lacgtmontreuil.fr\/index.php?rest_route=%2Fwp%2Fv2%2Ftags&post=11073"}],"curies":[{"name":"wp","href":"https:\/\/api.w.org\/{rel}","templated":true}]}}