{"id":11069,"date":"2026-09-06T20:14:46","date_gmt":"2026-09-06T18:14:46","guid":{"rendered":"https:\/\/www.lacgtmontreuil.fr\/?p=11069"},"modified":"2026-09-06T20:14:46","modified_gmt":"2026-09-06T18:14:46","slug":"je-tu-ul-n532-renforts-de-lete","status":"publish","type":"post","link":"https:\/\/www.lacgtmontreuil.fr\/?p=11069","title":{"rendered":"Je, Tu, UL n\u00b0532 &#8211; RENFORTS DE L\u2019\u00c9T\u00c9"},"content":{"rendered":"24, rue de Paris \u2013 L\u2019UL CGT de Montreuil comptabilise 29 adh\u00e9sions nouvelles sur juillet-ao\u00fbt dans les entreprises de la ville. Celles et ceux qui le souhaitaient ont \u00e9t\u00e9 convi\u00e9(e)s le 2 septembre \u00e0 midi \u00e0 un accueil convivial pour pr\u00e9senter le syndicat. 8 ont r\u00e9pondu pr\u00e9sents et ont pris date pour les futures mobilisations ; d\u2019autres ont \u00e9t\u00e9 mis en relation avec les coll\u00e8gues syndiqu\u00e9s de leur entreprise ou administration, pour les AG de rentr\u00e9e.","protected":false},"excerpt":{"rendered":"<p>24, rue de Paris \u2013 L\u2019UL CGT de Montreuil comptabilise 29 adh\u00e9sions nouvelles sur juillet-ao\u00fbt dans les entreprises de la ville. Celles et ceux qui le souhaitaient ont \u00e9t\u00e9 convi\u00e9(e)s le 2 septembre \u00e0 midi \u00e0 un accueil convivial pour pr\u00e9senter le syndicat. 8 ont r\u00e9pondu pr\u00e9sents et ont pris date pour les futures mobilisations &hellip; <\/p>\n","protected":false},"author":19,"featured_media":0,"comment_status":"closed","ping_status":"open","sticky":false,"template":"","format":"standard","meta":{"footnotes":""},"categories":[2],"tags":[],"class_list":{"0":"entry","1":"post","2":"publish","3":"author-sebastien","4":"post-11069","6":"format-standard","7":"category-je-tu-ul"},"_links":{"self":[{"href":"https:\/\/www.lacgtmontreuil.fr\/index.php?rest_route=\/wp\/v2\/posts\/11069","targetHints":{"allow":["GET"]}}],"collection":[{"href":"https:\/\/www.lacgtmontreuil.fr\/index.php?rest_route=\/wp\/v2\/posts"}],"about":[{"href":"https:\/\/www.lacgtmontreuil.fr\/index.php?rest_route=\/wp\/v2\/types\/post"}],"author":[{"embeddable":true,"href":"https:\/\/www.lacgtmontreuil.fr\/index.php?rest_route=\/wp\/v2\/users\/19"}],"replies":[{"embeddable":true,"href":"https:\/\/www.lacgtmontreuil.fr\/index.php?rest_route=%2Fwp%2Fv2%2Fcomments&post=11069"}],"version-history":[{"count":1,"href":"https:\/\/www.lacgtmontreuil.fr\/index.php?rest_route=\/wp\/v2\/posts\/11069\/revisions"}],"predecessor-version":[{"id":11071,"href":"https:\/\/www.lacgtmontreuil.fr\/index.php?rest_route=\/wp\/v2\/posts\/11069\/revisions\/11071"}],"wp:attachment":[{"href":"https:\/\/www.lacgtmontreuil.fr\/index.php?rest_route=%2Fwp%2Fv2%2Fmedia&parent=11069"}],"wp:term":[{"taxonomy":"category","embeddable":true,"href":"https:\/\/www.lacgtmontreuil.fr\/index.php?rest_route=%2Fwp%2Fv2%2Fcategories&post=11069"},{"taxonomy":"post_tag","embeddable":true,"href":"https:\/\/www.lacgtmontreuil.fr\/index.php?rest_route=%2Fwp%2Fv2%2Ftags&post=11069"}],"curies":[{"name":"wp","href":"https:\/\/api.w.org\/{rel}","templated":true}]}}