{"id":11065,"date":"2026-09-06T20:14:37","date_gmt":"2026-09-06T18:14:37","guid":{"rendered":"https:\/\/www.lacgtmontreuil.fr\/?p=11065"},"modified":"2026-09-06T20:14:37","modified_gmt":"2026-09-06T18:14:37","slug":"je-tu-ul-n532-34-000-zerobytes","status":"publish","type":"post","link":"https:\/\/www.lacgtmontreuil.fr\/?p=11065","title":{"rendered":"Je, Tu, UL n\u00b0532 -34 000 = ZEROBYTES"},"content":{"rendered":"33, rue Parmentier \u2013 Aux FINANCES PUBLIQUES, il aura fallu attendre le 13 ao\u00fbt pour que le Minist\u00e8re r\u00e9agisse \u00e0 la revendication par un hacker du vol des donn\u00e9es fiscales de 678000 usagers. La CGT, dans un communiqu\u00e9, rappelle que la suppression de 34000 emplois (28% de l\u2019effectif) n\u2019est pas pour rien dans l\u2019affaiblissement de la s\u00e9curit\u00e9 informatique et que la \u00ab priorit\u00e9 \u00e0 l\u2019IA \u00bb au sein de la DGFIP vise plus la rentabilit\u00e9 que l\u2019am\u00e9lioration de la cybers\u00e9curit\u00e9. Deux objectifs qui se sont m\u00eame oppos\u00e9s\u2026","protected":false},"excerpt":{"rendered":"<p>33, rue Parmentier \u2013 Aux FINANCES PUBLIQUES, il aura fallu attendre le 13 ao\u00fbt pour que le Minist\u00e8re r\u00e9agisse \u00e0 la revendication par un hacker du vol des donn\u00e9es fiscales de 678000 usagers. La CGT, dans un communiqu\u00e9, rappelle que la suppression de 34000 emplois (28% de l\u2019effectif) n\u2019est pas pour rien dans l\u2019affaiblissement de &hellip; <\/p>\n","protected":false},"author":19,"featured_media":0,"comment_status":"closed","ping_status":"open","sticky":false,"template":"","format":"standard","meta":{"footnotes":""},"categories":[2],"tags":[],"class_list":{"0":"entry","1":"post","2":"publish","3":"author-sebastien","4":"post-11065","6":"format-standard","7":"category-je-tu-ul"},"_links":{"self":[{"href":"https:\/\/www.lacgtmontreuil.fr\/index.php?rest_route=\/wp\/v2\/posts\/11065","targetHints":{"allow":["GET"]}}],"collection":[{"href":"https:\/\/www.lacgtmontreuil.fr\/index.php?rest_route=\/wp\/v2\/posts"}],"about":[{"href":"https:\/\/www.lacgtmontreuil.fr\/index.php?rest_route=\/wp\/v2\/types\/post"}],"author":[{"embeddable":true,"href":"https:\/\/www.lacgtmontreuil.fr\/index.php?rest_route=\/wp\/v2\/users\/19"}],"replies":[{"embeddable":true,"href":"https:\/\/www.lacgtmontreuil.fr\/index.php?rest_route=%2Fwp%2Fv2%2Fcomments&post=11065"}],"version-history":[{"count":1,"href":"https:\/\/www.lacgtmontreuil.fr\/index.php?rest_route=\/wp\/v2\/posts\/11065\/revisions"}],"predecessor-version":[{"id":11067,"href":"https:\/\/www.lacgtmontreuil.fr\/index.php?rest_route=\/wp\/v2\/posts\/11065\/revisions\/11067"}],"wp:attachment":[{"href":"https:\/\/www.lacgtmontreuil.fr\/index.php?rest_route=%2Fwp%2Fv2%2Fmedia&parent=11065"}],"wp:term":[{"taxonomy":"category","embeddable":true,"href":"https:\/\/www.lacgtmontreuil.fr\/index.php?rest_route=%2Fwp%2Fv2%2Fcategories&post=11065"},{"taxonomy":"post_tag","embeddable":true,"href":"https:\/\/www.lacgtmontreuil.fr\/index.php?rest_route=%2Fwp%2Fv2%2Ftags&post=11065"}],"curies":[{"name":"wp","href":"https:\/\/api.w.org\/{rel}","templated":true}]}}