{"id":1069,"date":"2018-02-26T14:23:39","date_gmt":"2018-02-26T13:23:39","guid":{"rendered":"http:\/\/www.lacgtmontreuil.fr\/?p=1069"},"modified":"2018-02-26T14:23:39","modified_gmt":"2018-02-26T13:23:39","slug":"je-tu-ul-fin-decembre-2014-n-186","status":"publish","type":"post","link":"https:\/\/www.lacgtmontreuil.fr\/?p=1069","title":{"rendered":"Je, Tu, UL\u2026  Fin D\u00e9cembre 2014  N\u00b0 186"},"content":{"rendered":"<p><strong> Les br\u00e8ves de l\u2019UL CGT de Montreuil, 24, rue de Paris<\/strong><\/p>\n<p><img loading=\"lazy\" decoding=\"async\" width=\"109\" height=\"155\" class=\"wp-image-1070\" src=\"https:\/\/www.lacgtmontreuil.fr\/wp-content\/uploads\/2018\/02\/logo_cgt-147.jpeg\" alt=\"logo_cgt\" \/>\u00a0\u00a0 <strong>Je, Tu, UL\u2026\u00a0 Fin D\u00e9cembre 2014\u00a0 N\u00b0 186<\/strong><\/p>\n<p><em>\u00ab\u00a0Temps plein, poches vides\u00a0: le SMIC passe \u00e0 1136 euros net en janvier\u00a0\u00bb\u00a0\u00bb\u00a0<\/em><\/p>\n<p><strong>QUI TROP ENCAISSE\u2026\u00a0:<\/strong> 280, rue de Paris \u2013 CARREFOUR se distingue une nouvelle fois dans la maltraitance des personnels. C\u2019est ainsi que mercredi 17 d\u00e9cembre, Haza, caissi\u00e8re depuis 10 ans dans le magasin, a tent\u00e9 de se d\u00e9fenestrer du 2<sup>\u00e8me<\/sup> \u00e9tage, apr\u00e8s avoir \u00e9t\u00e9 convoqu\u00e9e \u00e0 un \u00e9ni\u00e8me entretien par la direction. Pour la CGT, cette tentative de suicide fait suite \u00e0 une s\u00e9rie d\u2019humiliations \u2013 telle l\u2019obligation faite aux femmes de pointer lorsqu\u2019elles vont aux WC &#8211; et illustre les m\u00e9thodes de gestion que le syndicat d\u00e9nonce au quotidien, \u00e0 Montreuil comme dans les autres hypermarch\u00e9s du groupe.<\/p>\n<p><strong>LES NOUVEAUX GRIPSOUS:<\/strong> 49, rue de Raspail \u2013 Aux NOUVEAUX ROBINSONS, les miettes sont sans doute biologiques, mais ce ne sont toujours que des miettes. C\u2019est la conclusion qu\u2019on peut tirer des n\u00e9gociations annuelles obligatoires. Le PV de d\u00e9saccord acte une augmentation de 0,5% au 1<sup>er<\/sup> janvier et 5 euros suppl\u00e9mentaires sur les bons d\u2019achat de fin d\u2019ann\u00e9e. M\u00eame la demande pr\u00e9sent\u00e9e par la CGT d\u2019une journ\u00e9e par an pour enfant malade a \u00e9t\u00e9 rejet\u00e9e au motif qu\u2019elle \u00ab\u00a0p\u00e8serait sur les r\u00e9sultats \u00e9conomiques de la coop\u00e9rative\u00a0\u00bb\u00a0!<\/p>\n<p><strong>UN R\u00c9SULTAT OFFICIEL:<\/strong> 17, rue Moli\u00e8re \u2013 A l\u2019OFFICE PUBLIC DE L\u2019HABITAT MONTREUILLOIS les \u00e9lections g\u00e9n\u00e9rales de la fonction publique int\u00e9graient celles pour le CE, avec 3 listes en pr\u00e9sence\u00a0: celles de la CGT, de la CFDT et de SUD. Avec cette semaine, l\u2019officialisation de la reconqu\u00eate du Comit\u00e9 d\u2019Entreprise par la CGT et l\u2019\u00e9lection au secr\u00e9tariat de notre camarade Chantal LAURENT, qu\u2019assistera le nouveau repr\u00e9sentant syndical au CE, Abdellah BEN BRAHIM.<\/p>\n<p><strong>CADEAU EMPOISONN\u00c9\u00a0:<\/strong> 34, rue des Messiers \u2013 La SNEM, qui travaille essentiellement pour l\u2019a\u00e9ronautique, risque de perdre ses homologations faute de contr\u00f4les sur les pi\u00e8ces. Les salari\u00e9s, expos\u00e9s \u00e0 des proc\u00e9d\u00e9s de fabrication particuli\u00e8rement insalubres, r\u00e9sistent aujourd\u2019hui aux pratiques frauduleuses que la Direction voudrait mettre en place pour cacher la mis\u00e8re. En riposte, l\u2019actionnaire propose aux salari\u00e9s\u2026 de racheter l\u2019entreprise. Une sacr\u00e9e bonne farce, au vu de la pollution des sols et de l\u2019environnement, la v\u00e9tust\u00e9 des installations et la fuite des clients. Qu\u2019appr\u00e9cie peu la section CGT, qui a alert\u00e9 l\u2019Inspection du Travail, la direction ne r\u00e9pondant plus aux questions.<\/p>\n<p><strong>LEMMA-LES-MENSONGES:<\/strong> 86, avenue du Colonel Fabien \u2013 Chez LEMMA, le patron ne manque jamais d\u2019imagination pour justifier le non-paiement des salaires\u00a0: pour une demi-paie en fin de mois, c\u2019est le \u00ab\u00a0ch\u00f4mage partiel\u00a0\u00bb\u00a0; pour l\u2019absence de cong\u00e9s pay\u00e9s, c\u2019est la faute du mandataire\u00a0; et comme les cong\u00e9s pay\u00e9s ne sont pas r\u00e9gl\u00e9s, le patron les multiplie \u00e0 l\u2019envi\u00a0! Avec la p\u00e9riode des f\u00eates, l\u2019occasion \u00e9tait encore trop belle\u00a0: c\u2019est un panneau \u00ab\u00a0fermeture annuelle\u00a0\u00bb qui attendait, ce 19 d\u00e9cembre, les ouvriers \u00e0 l\u2019entr\u00e9e. Derni\u00e8re version (\u00e0 v\u00e9rifier bien s\u00fbr)\u00a0: \u00ab\u00a0j\u2019arr\u00eate de payer pour d\u00e9poser le bilan\u00a0!\u00a0\u00bb Le P\u00e8re No\u00ebl s\u2019est d\u00e9guis\u00e9 en P\u00e8re Fouettard\u2026<\/p>\n","protected":false},"excerpt":{"rendered":"<p>Les br\u00e8ves de l\u2019UL CGT de Montreuil, 24, rue de Paris \u00a0\u00a0 Je, Tu, UL\u2026\u00a0 Fin D\u00e9cembre 2014\u00a0 N\u00b0 186 \u00ab\u00a0Temps plein, poches vides\u00a0: le SMIC passe \u00e0 1136 euros net en janvier\u00a0\u00bb\u00a0\u00bb\u00a0 QUI TROP ENCAISSE\u2026\u00a0: 280, rue de Paris \u2013 CARREFOUR se distingue une nouvelle fois dans la maltraitance des personnels. C\u2019est ainsi que &hellip; <\/p>\n","protected":false},"author":1,"featured_media":0,"comment_status":"closed","ping_status":"open","sticky":false,"template":"","format":"standard","meta":{"footnotes":""},"categories":[2],"tags":[],"class_list":{"0":"entry","1":"post","2":"publish","3":"author-ulmontreuil","4":"post-1069","6":"format-standard","7":"category-je-tu-ul"},"_links":{"self":[{"href":"https:\/\/www.lacgtmontreuil.fr\/index.php?rest_route=\/wp\/v2\/posts\/1069","targetHints":{"allow":["GET"]}}],"collection":[{"href":"https:\/\/www.lacgtmontreuil.fr\/index.php?rest_route=\/wp\/v2\/posts"}],"about":[{"href":"https:\/\/www.lacgtmontreuil.fr\/index.php?rest_route=\/wp\/v2\/types\/post"}],"author":[{"embeddable":true,"href":"https:\/\/www.lacgtmontreuil.fr\/index.php?rest_route=\/wp\/v2\/users\/1"}],"replies":[{"embeddable":true,"href":"https:\/\/www.lacgtmontreuil.fr\/index.php?rest_route=%2Fwp%2Fv2%2Fcomments&post=1069"}],"version-history":[{"count":1,"href":"https:\/\/www.lacgtmontreuil.fr\/index.php?rest_route=\/wp\/v2\/posts\/1069\/revisions"}],"predecessor-version":[{"id":1071,"href":"https:\/\/www.lacgtmontreuil.fr\/index.php?rest_route=\/wp\/v2\/posts\/1069\/revisions\/1071"}],"wp:attachment":[{"href":"https:\/\/www.lacgtmontreuil.fr\/index.php?rest_route=%2Fwp%2Fv2%2Fmedia&parent=1069"}],"wp:term":[{"taxonomy":"category","embeddable":true,"href":"https:\/\/www.lacgtmontreuil.fr\/index.php?rest_route=%2Fwp%2Fv2%2Fcategories&post=1069"},{"taxonomy":"post_tag","embeddable":true,"href":"https:\/\/www.lacgtmontreuil.fr\/index.php?rest_route=%2Fwp%2Fv2%2Ftags&post=1069"}],"curies":[{"name":"wp","href":"https:\/\/api.w.org\/{rel}","templated":true}]}}