{"id":10631,"date":"2026-01-25T15:54:56","date_gmt":"2026-01-25T14:54:56","guid":{"rendered":"https:\/\/www.lacgtmontreuil.fr\/?p=10631"},"modified":"2026-01-25T15:54:57","modified_gmt":"2026-01-25T14:54:57","slug":"je-tu-ul-n515-on-reste-ensemble","status":"publish","type":"post","link":"https:\/\/www.lacgtmontreuil.fr\/?p=10631","title":{"rendered":"Je, Tu, UL n\u00b0515 &#8211; ON RESTE ENSEMBLE"},"content":{"rendered":"17, rue Moli\u00e8re \u2013 A EST ENSEMBLE HABITAT, la CGT s\u2019est empar\u00e9e du probl\u00e8me des nombreux gardiens dont le renouvellement des titres de s\u00e9jour restait en souffrances en Pr\u00e9fecture, avec la tentation de l\u2019employeur de suspendre leur salaire en pareil cas. La CGT organise donc l\u2019accompagnement de ces coll\u00e8gues contre les blocages administratifs (avec d\u00e9j\u00e0 2 succ\u00e8s) et la solidarit\u00e9 financi\u00e8re via le CSE, en r\u00e9clamant 25000\u20ac pour abonder cette protection collective.","protected":false},"excerpt":{"rendered":"<p>17, rue Moli\u00e8re \u2013 A EST ENSEMBLE HABITAT, la CGT s\u2019est empar\u00e9e du probl\u00e8me des nombreux gardiens dont le renouvellement des titres de s\u00e9jour restait en souffrances en Pr\u00e9fecture, avec la tentation de l\u2019employeur de suspendre leur salaire en pareil cas. La CGT organise donc l\u2019accompagnement de ces coll\u00e8gues contre les blocages administratifs (avec d\u00e9j\u00e0 &hellip; <\/p>\n","protected":false},"author":19,"featured_media":0,"comment_status":"closed","ping_status":"open","sticky":false,"template":"","format":"standard","meta":{"footnotes":""},"categories":[2],"tags":[],"class_list":{"0":"entry","1":"post","2":"publish","3":"author-sebastien","4":"post-10631","6":"format-standard","7":"category-je-tu-ul"},"_links":{"self":[{"href":"https:\/\/www.lacgtmontreuil.fr\/index.php?rest_route=\/wp\/v2\/posts\/10631","targetHints":{"allow":["GET"]}}],"collection":[{"href":"https:\/\/www.lacgtmontreuil.fr\/index.php?rest_route=\/wp\/v2\/posts"}],"about":[{"href":"https:\/\/www.lacgtmontreuil.fr\/index.php?rest_route=\/wp\/v2\/types\/post"}],"author":[{"embeddable":true,"href":"https:\/\/www.lacgtmontreuil.fr\/index.php?rest_route=\/wp\/v2\/users\/19"}],"replies":[{"embeddable":true,"href":"https:\/\/www.lacgtmontreuil.fr\/index.php?rest_route=%2Fwp%2Fv2%2Fcomments&post=10631"}],"version-history":[{"count":1,"href":"https:\/\/www.lacgtmontreuil.fr\/index.php?rest_route=\/wp\/v2\/posts\/10631\/revisions"}],"predecessor-version":[{"id":10633,"href":"https:\/\/www.lacgtmontreuil.fr\/index.php?rest_route=\/wp\/v2\/posts\/10631\/revisions\/10633"}],"wp:attachment":[{"href":"https:\/\/www.lacgtmontreuil.fr\/index.php?rest_route=%2Fwp%2Fv2%2Fmedia&parent=10631"}],"wp:term":[{"taxonomy":"category","embeddable":true,"href":"https:\/\/www.lacgtmontreuil.fr\/index.php?rest_route=%2Fwp%2Fv2%2Fcategories&post=10631"},{"taxonomy":"post_tag","embeddable":true,"href":"https:\/\/www.lacgtmontreuil.fr\/index.php?rest_route=%2Fwp%2Fv2%2Ftags&post=10631"}],"curies":[{"name":"wp","href":"https:\/\/api.w.org\/{rel}","templated":true}]}}