{"id":10627,"date":"2026-01-25T15:54:50","date_gmt":"2026-01-25T14:54:50","guid":{"rendered":"https:\/\/www.lacgtmontreuil.fr\/?p=10627"},"modified":"2026-01-25T15:54:50","modified_gmt":"2026-01-25T14:54:50","slug":"je-tu-ul-n515-lasile-en-questions","status":"publish","type":"post","link":"https:\/\/www.lacgtmontreuil.fr\/?p=10627","title":{"rendered":"Je, Tu, UL n\u00b0515 &#8211; L\u2019ASILE EN QUESTIONS"},"content":{"rendered":"35, rue Cuvier \u2013 A la COUR NATIONALE DU DROIT D\u2019ASILE, le syndicat CGT majoritaire vient de consulter les agents par questionnaire sur le d\u00e9roulement des audiences. Les 288 r\u00e9ponses collect\u00e9es r\u00e9v\u00e8lent une v\u00e9ritable \u00ab trumpisation \u00bb dans le traitement des dossiers et de graves atteintes aux conditions de travail du personnel. La CGT a pr\u00e9vu d\u2019organiser le 12 f\u00e9vrier prochain une restitution publique du rapport \u00e9tabli \u00e0 partir de ces r\u00e9ponses. Nous y reviendrons\u2026","protected":false},"excerpt":{"rendered":"<p>35, rue Cuvier \u2013 A la COUR NATIONALE DU DROIT D\u2019ASILE, le syndicat CGT majoritaire vient de consulter les agents par questionnaire sur le d\u00e9roulement des audiences. Les 288 r\u00e9ponses collect\u00e9es r\u00e9v\u00e8lent une v\u00e9ritable \u00ab trumpisation \u00bb dans le traitement des dossiers et de graves atteintes aux conditions de travail du personnel. La CGT a &hellip; <\/p>\n","protected":false},"author":19,"featured_media":0,"comment_status":"closed","ping_status":"open","sticky":false,"template":"","format":"standard","meta":{"footnotes":""},"categories":[2],"tags":[],"class_list":{"0":"entry","1":"post","2":"publish","3":"author-sebastien","4":"post-10627","6":"format-standard","7":"category-je-tu-ul"},"_links":{"self":[{"href":"https:\/\/www.lacgtmontreuil.fr\/index.php?rest_route=\/wp\/v2\/posts\/10627","targetHints":{"allow":["GET"]}}],"collection":[{"href":"https:\/\/www.lacgtmontreuil.fr\/index.php?rest_route=\/wp\/v2\/posts"}],"about":[{"href":"https:\/\/www.lacgtmontreuil.fr\/index.php?rest_route=\/wp\/v2\/types\/post"}],"author":[{"embeddable":true,"href":"https:\/\/www.lacgtmontreuil.fr\/index.php?rest_route=\/wp\/v2\/users\/19"}],"replies":[{"embeddable":true,"href":"https:\/\/www.lacgtmontreuil.fr\/index.php?rest_route=%2Fwp%2Fv2%2Fcomments&post=10627"}],"version-history":[{"count":1,"href":"https:\/\/www.lacgtmontreuil.fr\/index.php?rest_route=\/wp\/v2\/posts\/10627\/revisions"}],"predecessor-version":[{"id":10629,"href":"https:\/\/www.lacgtmontreuil.fr\/index.php?rest_route=\/wp\/v2\/posts\/10627\/revisions\/10629"}],"wp:attachment":[{"href":"https:\/\/www.lacgtmontreuil.fr\/index.php?rest_route=%2Fwp%2Fv2%2Fmedia&parent=10627"}],"wp:term":[{"taxonomy":"category","embeddable":true,"href":"https:\/\/www.lacgtmontreuil.fr\/index.php?rest_route=%2Fwp%2Fv2%2Fcategories&post=10627"},{"taxonomy":"post_tag","embeddable":true,"href":"https:\/\/www.lacgtmontreuil.fr\/index.php?rest_route=%2Fwp%2Fv2%2Ftags&post=10627"}],"curies":[{"name":"wp","href":"https:\/\/api.w.org\/{rel}","templated":true}]}}