{"id":10623,"date":"2026-01-25T15:54:45","date_gmt":"2026-01-25T14:54:45","guid":{"rendered":"https:\/\/www.lacgtmontreuil.fr\/?p=10623"},"modified":"2026-01-25T15:54:45","modified_gmt":"2026-01-25T14:54:45","slug":"je-tu-ul-n515-game-over-insert-coin","status":"publish","type":"post","link":"https:\/\/www.lacgtmontreuil.fr\/?p=10623","title":{"rendered":"Je, Tu, UL n\u00b0515 &#8211; GAME OVER, INSERT COIN"},"content":{"rendered":"28, rue Armand Carrel \u2013 UBISOFT s\u2019inqui\u00e8te pour son avenir apr\u00e8s l\u2019abandon du lancement de plusieurs produits et l\u2019arr\u00eat total du t\u00e9l\u00e9travail. Une situation qui a fait r\u00e9agir les salari\u00e9-e-s avec des d\u00e9brayages organis\u00e9s le 22 janvier \u00e0 l\u2019appel des syndicats Solidaires et CGT. L\u00e2ch\u00e9 aussi par les investisseurs, Yves Guillemot, le PDG et fondateur, ne cesse de r\u00e9duire la voilure du groupe avec une fonte de 20% de l\u2019effectif en 3 ans et entend la scinder en 5 \u00ab creative houses \u00bb par segment de jeux. Rien de rassurant !","protected":false},"excerpt":{"rendered":"<p>28, rue Armand Carrel \u2013 UBISOFT s\u2019inqui\u00e8te pour son avenir apr\u00e8s l\u2019abandon du lancement de plusieurs produits et l\u2019arr\u00eat total du t\u00e9l\u00e9travail. Une situation qui a fait r\u00e9agir les salari\u00e9-e-s avec des d\u00e9brayages organis\u00e9s le 22 janvier \u00e0 l\u2019appel des syndicats Solidaires et CGT. L\u00e2ch\u00e9 aussi par les investisseurs, Yves Guillemot, le PDG et fondateur, &hellip; <\/p>\n","protected":false},"author":19,"featured_media":0,"comment_status":"closed","ping_status":"open","sticky":false,"template":"","format":"standard","meta":{"footnotes":""},"categories":[2],"tags":[],"class_list":{"0":"entry","1":"post","2":"publish","3":"author-sebastien","4":"post-10623","6":"format-standard","7":"category-je-tu-ul"},"_links":{"self":[{"href":"https:\/\/www.lacgtmontreuil.fr\/index.php?rest_route=\/wp\/v2\/posts\/10623","targetHints":{"allow":["GET"]}}],"collection":[{"href":"https:\/\/www.lacgtmontreuil.fr\/index.php?rest_route=\/wp\/v2\/posts"}],"about":[{"href":"https:\/\/www.lacgtmontreuil.fr\/index.php?rest_route=\/wp\/v2\/types\/post"}],"author":[{"embeddable":true,"href":"https:\/\/www.lacgtmontreuil.fr\/index.php?rest_route=\/wp\/v2\/users\/19"}],"replies":[{"embeddable":true,"href":"https:\/\/www.lacgtmontreuil.fr\/index.php?rest_route=%2Fwp%2Fv2%2Fcomments&post=10623"}],"version-history":[{"count":1,"href":"https:\/\/www.lacgtmontreuil.fr\/index.php?rest_route=\/wp\/v2\/posts\/10623\/revisions"}],"predecessor-version":[{"id":10625,"href":"https:\/\/www.lacgtmontreuil.fr\/index.php?rest_route=\/wp\/v2\/posts\/10623\/revisions\/10625"}],"wp:attachment":[{"href":"https:\/\/www.lacgtmontreuil.fr\/index.php?rest_route=%2Fwp%2Fv2%2Fmedia&parent=10623"}],"wp:term":[{"taxonomy":"category","embeddable":true,"href":"https:\/\/www.lacgtmontreuil.fr\/index.php?rest_route=%2Fwp%2Fv2%2Fcategories&post=10623"},{"taxonomy":"post_tag","embeddable":true,"href":"https:\/\/www.lacgtmontreuil.fr\/index.php?rest_route=%2Fwp%2Fv2%2Ftags&post=10623"}],"curies":[{"name":"wp","href":"https:\/\/api.w.org\/{rel}","templated":true}]}}