{"id":1040,"date":"2018-02-20T19:35:15","date_gmt":"2018-02-20T18:35:15","guid":{"rendered":"http:\/\/www.lacgtmontreuil.fr\/?p=1040"},"modified":"2018-02-20T19:35:15","modified_gmt":"2018-02-20T18:35:15","slug":"je-tu-ul-debut-decembre-2014-n-184","status":"publish","type":"post","link":"https:\/\/www.lacgtmontreuil.fr\/?p=1040","title":{"rendered":"Je, Tu, UL\u2026  D\u00e9but D\u00e9cembre 2014  N\u00b0 184"},"content":{"rendered":"<p><strong> Les br\u00e8ves de l\u2019UL CGT de Montreuil, 24, rue de Paris<\/strong><\/p>\n<p><img loading=\"lazy\" decoding=\"async\" width=\"109\" height=\"155\" class=\"wp-image-1041\" src=\"https:\/\/www.lacgtmontreuil.fr\/wp-content\/uploads\/2018\/02\/logo_cgt-145.jpeg\" alt=\"logo_cgt\" \/>\u00a0\u00a0 <strong>Je, Tu, UL\u2026\u00a0 D\u00e9but D\u00e9cembre 2014\u00a0 N\u00b0 184<\/strong><\/p>\n<p><em>\u00ab\u00a0Enrichir les financiers\u00a0: c\u2019est \u00e7a la p\u00e9nibilit\u00e9\u00a0!\u00a0<\/em><\/p>\n<p><strong>UNE CGT D\u2019INT\u00c9R\u00caT PUBLIC:<\/strong> Place Jean Jaur\u00e8s \u2013 En MAIRIE comme dans les 3 fonctions publiques en France, ce 4 d\u00e9cembre \u00e9tait le jour du vote pour la repr\u00e9sentativit\u00e9 syndicale chez les agents publics. Avec \u00e0 Montreuil un verdict sans bavure de 56,14% pour les listes CGT qui remportent 8 si\u00e8ges sur 12\u00a0; 27,8% pour la FSU, deuxi\u00e8me avec 3 si\u00e8ges et 1 pour FO qui recueille 12,7% des voix. Les autres syndicats n\u2019atteignent pas le seuil requis pour \u00eatre repr\u00e9sentatifs. R\u00e9sultats int\u00e9ressants \u00e9galement \u00e0 l\u2019OPHM o\u00f9 la CGT pour les d\u00e9l\u00e9gu\u00e9s 40,42% devant SUD \u00e0 37,28% et la CFDT 22,3%\u00a0; jeu quasi-\u00e9gal au CE, avec respectivement 38,5% pour la CGT, 39,3% pour SUD et 22,1% pour la CFDT.<\/p>\n<p><strong>REFUS DE PRIORIT\u00c9:<\/strong> 16, rue Raspail \u2013 Au COLLEGE PAUL ELUARD et dans les \u00e9coles voisines, le retrait du classement en REP (R\u00e9seau d\u2019Education Prioritaire) s\u00e8me la col\u00e8re parmi les enseignants et les parents. Le mouvement de gr\u00e8ve et de blocage des \u00e9tablissements, commenc\u00e9 le 24\/11, a investi cette semaine les rues de Montreuil avec une manifestation mercredi vers la Mairie, et jeudi 5 un accueil au sifflet pour Najat Vallaud-Belkacem au Palais de la D\u00e9couverte. La mobilisation se poursuit dans l\u2019unit\u00e9 pour le r\u00e9tablissement de la priorit\u00e9 et des moyens suppl\u00e9mentaires contre l\u2019\u00e9chec scolaire.<\/p>\n<p><strong>FACILEMENT CONDAMNABLE :<\/strong> 35, boulevard Rouget de Lisle \u2013 FACILE ET ACCESSIBLE intervient dans l\u2019aide \u00e0 la personne\u2026 \u00e0 condition qu\u2019il ne s\u2019agisse pas de ses propres salari\u00e9s. C\u2019est ce que vient de d\u00e9montrer notre camarade Carole CHIKLI, assistante de vie, qui avait n\u00e9goci\u00e9 une rupture conventionnelle faute d\u2019obtenir le paiement de ses heures suppl\u00e9mentaires major\u00e9es. Les juges du Conseil de Prud\u2019hommes viennent de lui donner raison par jugement du 3\/12, en condamnant cette entreprise qui collectionne les proc\u00e9dures avec ses ex-salari\u00e9es.<\/p>\n<p><strong>D\u00c9FORMATION ANNUELLE\u00a0:<\/strong> 105, boulevard Chanzy \u2013 Chez INTERLOGEMENT 93, c\u2019est le Pr\u00e9sident du Comit\u00e9 d\u2019Entreprise qui arr\u00eate la r\u00e9union consacr\u00e9e au Plan de Formation annuel, suite aux reproches que lui adressent les \u00e9lus CGT et CFDT sur le non-respect des d\u00e9lais l\u00e9gaux. Au lieu d\u2019entrer dans le vif de la n\u00e9gociation, comme les membres du CE l\u2019y invitaient, celui-ci pr\u00e9f\u00e8re quitter la r\u00e9union, ajoutant l\u2019entrave \u00e0 l\u2019entrave. Un manque de formation du directeur\u00a0?<\/p>\n<p><strong>C\u2019EST QUI LES LEADERS\u00a0?\u00a0:<\/strong> 15, Place du G\u00e9n\u00e9ral de Gaulle \u2013 VILLETTE-DISCOUNT, \u00e0 l\u2019enseigne \u00ab\u00a0Leader Price\u00a0\u00bb, \u00e9lisait le 4 d\u00e9cembre ses d\u00e9l\u00e9gu\u00e9s du personnel. Une \u00e9lection obtenue de haute lutte puisque les salari\u00e9s avaient d\u00fb d\u00e9brayer en octobre dernier pour imposer leur tenue. Sans surprise, c\u2019est du 100% CGT avec un seul vote nul et l\u2019\u00e9lection d\u00e8s le 1<sup>er<\/sup> tour des listes CGT conduites par notre camarade Hassan JALLOH.<\/p>\n","protected":false},"excerpt":{"rendered":"<p>Les br\u00e8ves de l\u2019UL CGT de Montreuil, 24, rue de Paris \u00a0\u00a0 Je, Tu, UL\u2026\u00a0 D\u00e9but D\u00e9cembre 2014\u00a0 N\u00b0 184 \u00ab\u00a0Enrichir les financiers\u00a0: c\u2019est \u00e7a la p\u00e9nibilit\u00e9\u00a0!\u00a0 UNE CGT D\u2019INT\u00c9R\u00caT PUBLIC: Place Jean Jaur\u00e8s \u2013 En MAIRIE comme dans les 3 fonctions publiques en France, ce 4 d\u00e9cembre \u00e9tait le jour du vote pour la &hellip; <\/p>\n","protected":false},"author":1,"featured_media":0,"comment_status":"closed","ping_status":"open","sticky":false,"template":"","format":"standard","meta":{"footnotes":""},"categories":[2],"tags":[],"class_list":{"0":"entry","1":"post","2":"publish","3":"author-ulmontreuil","4":"post-1040","6":"format-standard","7":"category-je-tu-ul"},"_links":{"self":[{"href":"https:\/\/www.lacgtmontreuil.fr\/index.php?rest_route=\/wp\/v2\/posts\/1040","targetHints":{"allow":["GET"]}}],"collection":[{"href":"https:\/\/www.lacgtmontreuil.fr\/index.php?rest_route=\/wp\/v2\/posts"}],"about":[{"href":"https:\/\/www.lacgtmontreuil.fr\/index.php?rest_route=\/wp\/v2\/types\/post"}],"author":[{"embeddable":true,"href":"https:\/\/www.lacgtmontreuil.fr\/index.php?rest_route=\/wp\/v2\/users\/1"}],"replies":[{"embeddable":true,"href":"https:\/\/www.lacgtmontreuil.fr\/index.php?rest_route=%2Fwp%2Fv2%2Fcomments&post=1040"}],"version-history":[{"count":1,"href":"https:\/\/www.lacgtmontreuil.fr\/index.php?rest_route=\/wp\/v2\/posts\/1040\/revisions"}],"predecessor-version":[{"id":1042,"href":"https:\/\/www.lacgtmontreuil.fr\/index.php?rest_route=\/wp\/v2\/posts\/1040\/revisions\/1042"}],"wp:attachment":[{"href":"https:\/\/www.lacgtmontreuil.fr\/index.php?rest_route=%2Fwp%2Fv2%2Fmedia&parent=1040"}],"wp:term":[{"taxonomy":"category","embeddable":true,"href":"https:\/\/www.lacgtmontreuil.fr\/index.php?rest_route=%2Fwp%2Fv2%2Fcategories&post=1040"},{"taxonomy":"post_tag","embeddable":true,"href":"https:\/\/www.lacgtmontreuil.fr\/index.php?rest_route=%2Fwp%2Fv2%2Ftags&post=1040"}],"curies":[{"name":"wp","href":"https:\/\/api.w.org\/{rel}","templated":true}]}}