{"id":1037,"date":"2018-02-20T19:33:11","date_gmt":"2018-02-20T18:33:11","guid":{"rendered":"http:\/\/www.lacgtmontreuil.fr\/?p=1037"},"modified":"2018-02-20T19:33:11","modified_gmt":"2018-02-20T18:33:11","slug":"je-tu-ul-fin-novembre-2014-n-183","status":"publish","type":"post","link":"https:\/\/www.lacgtmontreuil.fr\/?p=1037","title":{"rendered":"Je, Tu, UL\u2026  Fin Novembre 2014  N\u00b0 183"},"content":{"rendered":"<p><strong> Les br\u00e8ves de l\u2019UL CGT de Montreuil, 24, rue de Paris<\/strong><\/p>\n<p><img loading=\"lazy\" decoding=\"async\" width=\"109\" height=\"155\" class=\"wp-image-1038\" src=\"https:\/\/www.lacgtmontreuil.fr\/wp-content\/uploads\/2018\/02\/logo_cgt-144.jpeg\" alt=\"logo_cgt\" \/>\u00a0\u00a0 <strong>Je, Tu, UL\u2026\u00a0 Fin Novembre 2014\u00a0 N\u00b0 183<\/strong><\/p>\n<p><em>\u00ab\u00a0Merci Macron\u00a0\u00bb, c\u2019est le tube de la semaine de la souffrance patronale\u00a0!\u00a0<\/em><\/p>\n<p><strong>GESTION OUVRI\u00c8RE VALID\u00c9E:<\/strong> 8, rue de Rosny \u2013 La CCAS, qui regroupe les activit\u00e9s sociales des \u00e9lectriciens et gaziers, \u00e9tait soumise jusqu\u2019au 26 novembre au renouvellement des instances de ses caisses mutuelles, g\u00e9r\u00e9es depuis 50 ans par les agents actifs et inactifs. Avec plus de 180\u00a0000 inscrits, la participation s\u2019\u00e9levait \u00e0 67,53% (en hausse de 7 points) pour donner \u00e0 la CGT 50,55% des voix et 10 si\u00e8ges sur 18. La CFDT avec 19,44% perdait quelques plumes au profit de la CGC (17,4%) tandis que FO sauve de justesse sa repr\u00e9sentativit\u00e9 \u00e0 11,1%. Un vote qui d\u00e9montre l\u2019attachement des b\u00e9n\u00e9ficiaires de la gestion des 529 millions d\u2019euros de la CCAS par leurs organisations syndicales.<\/p>\n<p><strong>LE P\u00c8RE NO\u00cbL AU TRIBUNAL :<\/strong> 7, rue Catherine Puig \u2013 Au TRIBUNAL ADMINISTRATIF, c\u2019est une rallonge de 100 millions d\u2019euros qui va \u00eatre r\u00e9partie par le Minist\u00e8re de la Justice, sous forme de prime exceptionnelle en d\u00e9cembre 2014, pour les greffiers et personnels administratifs des cours et tribunaux. Une reconnaissance des contraintes horaires de ces m\u00e9tiers que r\u00e9clamait depuis belle lurette le syndicat CGT des Chancelleries et Services Judiciaires, quand le point d\u2019indice reste malheureusement gel\u00e9 depuis 4 ans pour tous les fonctionnaires.<\/p>\n<p><strong>COMPL\u00c9MENT OU SUPPL\u00c9MENT\u00a0? :<\/strong> 13, place du G\u00e9n\u00e9ral de Gaulle \u2013 A l\u2019AFPA, la CGT interroge lors du CCE du 27 novembre sur les d\u00e9remboursements de frais de sant\u00e9, annonc\u00e9s sans concertation pour le 1<sup>er<\/sup> janvier. Tandis qu\u2019au m\u00eame moment \u2013 et donc pour des prestations moindres \u2013 la compl\u00e9mentaire Humanis augmente sa cotisation de 2,9%. La CGT exige entre autres l\u2019annulation de ces d\u00e9cisions unilat\u00e9rales, une information aux cotisants jointe au bulletin de salaire et la ren\u00e9gociation du contrat, avec nouvel appel d\u2019offre.<\/p>\n<p><strong>DE LA CASA \u00c1 LA RUE\u00a0:<\/strong> 15, rue Lavoisier \u2013 CASA POBLANO, restaurant qui se veut \u00ab\u00a0culturel et solidaire\u00a0\u00bb, vient de mettre \u00e0 la rue l\u2019association qui employait ses 7 salari\u00e9s et mobilisait nombre de b\u00e9n\u00e9voles. Pour les salari\u00e9s \u2013 essentiellement des emplois aid\u00e9s \u2013 la question de l\u2019utilisation des aides per\u00e7ues s\u2019ajoute \u00e0 celle de leur \u00e9viction de leur lieu de travail par un donneur d\u2019ordre qui se dissimule derri\u00e8re l\u2019association \u00e0 but non-lucratif.<\/p>\n<p><strong>VIVA LA MUERTE\u00a0?\u00a0:<\/strong> 3-5, rue de Vincennes \u2013 \u00ab\u00a0VIVA\u00a0\u00bb, le magazine de la F\u00e9d\u00e9ration des Mutuelles, est entr\u00e9 en lutte cette semaine contre un brutal plan de licenciements visant 16 emplois sur 24\u00a0: le plan de restructuration, qui ne pr\u00e9voit aucune mesure de sauvegarde de l\u2019emploi, est jug\u00e9 \u00ab\u00a0indigent\u00a0\u00bb par le SNJ-CGT. Les salari\u00e9s ont donc d\u00e9cid\u00e9 en AG de bloquer le 300<sup>\u00e8me<\/sup> et dernier num\u00e9ro de \u00ab\u00a0VIVA\u00a0\u00bb mensuel.<\/p>\n","protected":false},"excerpt":{"rendered":"<p>Les br\u00e8ves de l\u2019UL CGT de Montreuil, 24, rue de Paris \u00a0\u00a0 Je, Tu, UL\u2026\u00a0 Fin Novembre 2014\u00a0 N\u00b0 183 \u00ab\u00a0Merci Macron\u00a0\u00bb, c\u2019est le tube de la semaine de la souffrance patronale\u00a0!\u00a0 GESTION OUVRI\u00c8RE VALID\u00c9E: 8, rue de Rosny \u2013 La CCAS, qui regroupe les activit\u00e9s sociales des \u00e9lectriciens et gaziers, \u00e9tait soumise jusqu\u2019au 26 &hellip; <\/p>\n","protected":false},"author":1,"featured_media":0,"comment_status":"closed","ping_status":"open","sticky":false,"template":"","format":"standard","meta":{"footnotes":""},"categories":[2],"tags":[],"class_list":{"0":"entry","1":"post","2":"publish","3":"author-ulmontreuil","4":"post-1037","6":"format-standard","7":"category-je-tu-ul"},"_links":{"self":[{"href":"https:\/\/www.lacgtmontreuil.fr\/index.php?rest_route=\/wp\/v2\/posts\/1037","targetHints":{"allow":["GET"]}}],"collection":[{"href":"https:\/\/www.lacgtmontreuil.fr\/index.php?rest_route=\/wp\/v2\/posts"}],"about":[{"href":"https:\/\/www.lacgtmontreuil.fr\/index.php?rest_route=\/wp\/v2\/types\/post"}],"author":[{"embeddable":true,"href":"https:\/\/www.lacgtmontreuil.fr\/index.php?rest_route=\/wp\/v2\/users\/1"}],"replies":[{"embeddable":true,"href":"https:\/\/www.lacgtmontreuil.fr\/index.php?rest_route=%2Fwp%2Fv2%2Fcomments&post=1037"}],"version-history":[{"count":1,"href":"https:\/\/www.lacgtmontreuil.fr\/index.php?rest_route=\/wp\/v2\/posts\/1037\/revisions"}],"predecessor-version":[{"id":1039,"href":"https:\/\/www.lacgtmontreuil.fr\/index.php?rest_route=\/wp\/v2\/posts\/1037\/revisions\/1039"}],"wp:attachment":[{"href":"https:\/\/www.lacgtmontreuil.fr\/index.php?rest_route=%2Fwp%2Fv2%2Fmedia&parent=1037"}],"wp:term":[{"taxonomy":"category","embeddable":true,"href":"https:\/\/www.lacgtmontreuil.fr\/index.php?rest_route=%2Fwp%2Fv2%2Fcategories&post=1037"},{"taxonomy":"post_tag","embeddable":true,"href":"https:\/\/www.lacgtmontreuil.fr\/index.php?rest_route=%2Fwp%2Fv2%2Ftags&post=1037"}],"curies":[{"name":"wp","href":"https:\/\/api.w.org\/{rel}","templated":true}]}}