{"id":1034,"date":"2018-02-20T19:31:14","date_gmt":"2018-02-20T18:31:14","guid":{"rendered":"http:\/\/www.lacgtmontreuil.fr\/?p=1034"},"modified":"2018-02-20T19:31:14","modified_gmt":"2018-02-20T18:31:14","slug":"je-tu-ul-mi-novembre-2014-n-182","status":"publish","type":"post","link":"https:\/\/www.lacgtmontreuil.fr\/?p=1034","title":{"rendered":"Je, Tu, UL\u2026  Mi-Novembre 2014  N\u00b0 182"},"content":{"rendered":"<p><strong> Les br\u00e8ves de l\u2019UL CGT de Montreuil, 24, rue de Paris<\/strong><\/p>\n<p><img loading=\"lazy\" decoding=\"async\" width=\"109\" height=\"155\" class=\"wp-image-1035\" src=\"https:\/\/www.lacgtmontreuil.fr\/wp-content\/uploads\/2018\/02\/logo_cgt-143.jpeg\" alt=\"logo_cgt\" \/>\u00a0\u00a0 <strong>Je, Tu, UL\u2026\u00a0 Mi-Novembre 2014\u00a0 N\u00b0 182<\/strong><\/p>\n<p><em>\u00ab\u00a0Nos nuits et nos dimanches ne sont pas \u00e0 vendre\u00a0!\u00bb\u00a0<\/em><\/p>\n<p><strong>\u00c7A D\u00c9BOUCHE AU ROBINET:<\/strong> 27, rue Cuvier \u2013 LA ROBINETTERIE INDUSTRIELLE (LRI) renouvelait la repr\u00e9sentation du personnel le 13 novembre, avec pour la premi\u00e8re fois des listes CGT. Avec une cinquantaine de voix en moyenne pour 140 employ\u00e9-e-s, la CGT perce chez LRI et obtient 4 \u00e9lu-e-s dont notre camarade Ang\u00e9lique MARETZ qui \u00e9tait jusqu\u2019\u00e0 ce jour repr\u00e9sentante de la section syndicale. Un beau r\u00e9sultat dans cette entreprise o\u00f9 les incidents de campagne se sont multipli\u00e9s, n\u00e9cessitant 2 courriers de l\u2019UL-CGT au DRH.<\/p>\n<p>&nbsp;<\/p>\n<p><strong>QUE CACHE FLO\u00a0? :<\/strong> 235, rue Etienne Marcel \u2013 Au B\u0152UF A SIX PATTES, enseigne du Groupe FLO, la n\u00e9gociation annuelle obligatoire est sujette \u00e0 rebondissements, avec reculades de la direction d\u2019une r\u00e9union sur l\u2019autre pour de bien maigres r\u00e9sultats\u00a0: quelques ch\u00e8ques-cadeaux, une journ\u00e9e \u00ab\u00a0enfant malade\u00a0\u00bb et rien de concret sur les in\u00e9galit\u00e9s salariales. Par contre, le PDG annonce au m\u00eame moment, pertes, restructuration et menaces de cessation de paiement en d\u00e9cembre\u2026 faisant bondir de 5,49% la valeur de l\u2019action\u00a0! Le b\u0153uf doit avoir des pattes en plus\u00a0!<\/p>\n<p><strong>ENTENDRE PARLER DU PAYS :<\/strong> 28, rue Kl\u00e9ber \u2013 L\u2019association RADIA PAYS avait d\u00e9cid\u00e9 de licencier notre camarade Hamid LAMARA, sans lui verser ses indemnit\u00e9s de journaliste. La radio pour laquelle il travaillait depuis 2010 pr\u00e9tendait avoir des doutes sur son statut. Le Conseil de Prud\u2019hommes, quant \u00e0 lui, n\u2019a dout\u00e9 de rien, en ordonnant le paiement du solde de son indemnit\u00e9 de licenciement pour 6000 euros et quelques frais en sus.<\/p>\n<p><strong>VACANCES CR\u00c9ATIVES\u00a0:<\/strong> 261, rue de Paris \u2013 VACANCES &amp; FAMILLES \u00e9lira dans 15 jours ses d\u00e9l\u00e9gu\u00e9-e-s du personnel. Anticipant cette \u00e9ch\u00e9ance montreuilloise, les premiers syndiqu\u00e9s se sont r\u00e9unis \u00e0 M\u00fbr de Bretagne pour y cr\u00e9er le syndicat CGT de l\u2019Association, lequel pr\u00e9sentera nos deux camarades R\u00e9gine WATERLOT et St\u00e9phane GIQUELLO, avec l\u2019espoir de voir dispara\u00eetre l\u2019ancienne section CFDT lors du prochain scrutin.<\/p>\n<p><strong>EUROLAM S\u2019\u00c9MOUSSE\u00a0:<\/strong> 71, rue Robespierre \u2013 Chez EUROLAM LAMINAGE CONSEIL &amp; COMMUNICATION, 4 salari\u00e9s avaient \u00e9t\u00e9 \u00ab\u00a0suspendus\u00a0\u00bb par l\u2019employeur qui les avait d\u00e9clar\u00e9s \u00ab\u00a0en gr\u00e8ve\u00a0\u00bb (voir \u00ab\u00a0Je, Tu, UL\u00a0\u00bb n\u00b0174) le 23 septembre dernier. Afin de r\u00e9cup\u00e9rer le salaire de la pr\u00e9tendue gr\u00e8ve, ils \u00e9taient donc convoqu\u00e9s pour le 21 novembre pour une audience en r\u00e9f\u00e9r\u00e9\u00a0: finalement, aucun retrait ne sera effectu\u00e9 sur les paies des gr\u00e9vistes involontaires en \u00e9change du retrait de leur plainte. Demeure la convocation des \u00e9lections de d\u00e9l\u00e9gu\u00e9s, que la CGT r\u00e9clame toujours, forte des 3 nouvelles adh\u00e9sions qu\u2019elle vient d\u2019enregistrer.<\/p>\n","protected":false},"excerpt":{"rendered":"<p>Les br\u00e8ves de l\u2019UL CGT de Montreuil, 24, rue de Paris \u00a0\u00a0 Je, Tu, UL\u2026\u00a0 Mi-Novembre 2014\u00a0 N\u00b0 182 \u00ab\u00a0Nos nuits et nos dimanches ne sont pas \u00e0 vendre\u00a0!\u00bb\u00a0 \u00c7A D\u00c9BOUCHE AU ROBINET: 27, rue Cuvier \u2013 LA ROBINETTERIE INDUSTRIELLE (LRI) renouvelait la repr\u00e9sentation du personnel le 13 novembre, avec pour la premi\u00e8re fois des &hellip; <\/p>\n","protected":false},"author":1,"featured_media":0,"comment_status":"closed","ping_status":"open","sticky":false,"template":"","format":"standard","meta":{"footnotes":""},"categories":[2],"tags":[],"class_list":{"0":"entry","1":"post","2":"publish","3":"author-ulmontreuil","4":"post-1034","6":"format-standard","7":"category-je-tu-ul"},"_links":{"self":[{"href":"https:\/\/www.lacgtmontreuil.fr\/index.php?rest_route=\/wp\/v2\/posts\/1034","targetHints":{"allow":["GET"]}}],"collection":[{"href":"https:\/\/www.lacgtmontreuil.fr\/index.php?rest_route=\/wp\/v2\/posts"}],"about":[{"href":"https:\/\/www.lacgtmontreuil.fr\/index.php?rest_route=\/wp\/v2\/types\/post"}],"author":[{"embeddable":true,"href":"https:\/\/www.lacgtmontreuil.fr\/index.php?rest_route=\/wp\/v2\/users\/1"}],"replies":[{"embeddable":true,"href":"https:\/\/www.lacgtmontreuil.fr\/index.php?rest_route=%2Fwp%2Fv2%2Fcomments&post=1034"}],"version-history":[{"count":1,"href":"https:\/\/www.lacgtmontreuil.fr\/index.php?rest_route=\/wp\/v2\/posts\/1034\/revisions"}],"predecessor-version":[{"id":1036,"href":"https:\/\/www.lacgtmontreuil.fr\/index.php?rest_route=\/wp\/v2\/posts\/1034\/revisions\/1036"}],"wp:attachment":[{"href":"https:\/\/www.lacgtmontreuil.fr\/index.php?rest_route=%2Fwp%2Fv2%2Fmedia&parent=1034"}],"wp:term":[{"taxonomy":"category","embeddable":true,"href":"https:\/\/www.lacgtmontreuil.fr\/index.php?rest_route=%2Fwp%2Fv2%2Fcategories&post=1034"},{"taxonomy":"post_tag","embeddable":true,"href":"https:\/\/www.lacgtmontreuil.fr\/index.php?rest_route=%2Fwp%2Fv2%2Ftags&post=1034"}],"curies":[{"name":"wp","href":"https:\/\/api.w.org\/{rel}","templated":true}]}}