{"id":1031,"date":"2018-02-20T19:29:28","date_gmt":"2018-02-20T18:29:28","guid":{"rendered":"http:\/\/www.lacgtmontreuil.fr\/?p=1031"},"modified":"2018-02-20T19:29:28","modified_gmt":"2018-02-20T18:29:28","slug":"je-tu-ul-debut-novembre-2014-n-181","status":"publish","type":"post","link":"https:\/\/www.lacgtmontreuil.fr\/?p=1031","title":{"rendered":"Je, Tu, UL\u2026  D\u00e9but Novembre 2014  N\u00b0 181"},"content":{"rendered":"<p><strong> Les br\u00e8ves de l\u2019UL CGT de Montreuil, 24, rue de Paris<\/strong><\/p>\n<p><img loading=\"lazy\" decoding=\"async\" width=\"109\" height=\"155\" class=\"wp-image-1032\" src=\"https:\/\/www.lacgtmontreuil.fr\/wp-content\/uploads\/2018\/02\/logo_cgt-142.jpeg\" alt=\"logo_cgt\" \/>\u00a0\u00a0 <strong>Je, Tu, UL\u2026\u00a0 D\u00e9but Novembre 2014\u00a0 N\u00b0 181<\/strong><\/p>\n<p><em>\u00ab\u00a0Ils nous veulent pr\u00e9caires\u00a0: nous serons inflexibles\u00a0!\u00bb\u00a0<\/em><\/p>\n<p><strong>LES COIFFEUSES ONT LA P\u00caCHE\u00a0:<\/strong> 16, rue P\u00e9pin \u2013 Au CAFE LA P\u00caCHE, les coiffeuses gr\u00e9vistes du 57 boulevard de Strasbourg \u00e0 Paris avaient rendez-vous avec les lyc\u00e9ens de Jean Jaur\u00e8s mardi dernier, \u00e0 l\u2019invitation de l\u2019UL-CGT. Peu nombreux au lendemain de la rentr\u00e9e, mais motiv\u00e9s, les jeunes pr\u00e9sents ont interrog\u00e9 nos camarades coiffeuses sur leur plainte pour traite d\u2019\u00eatres humains et sur leurs patrons en fuite\u2026 ou bien prot\u00e9g\u00e9s. Un d\u00e9bat qui s\u2019est achev\u00e9 sur des \u00e9changes de mails, pour de nouvelles initiatives solidaires en direction des jeunes de Montreuil.<\/p>\n<p><strong>L\u2019URSSAF INVESTIT LA CGT :<\/strong> 263, rue de Paris \u2013 Nos camarades de l\u2019URSSAF \u00cele-de-France s\u2019\u00e9taient d\u00e9localis\u00e9-e-s les 6 et 7 novembre au si\u00e8ge de la CGT, le temps d\u2019un congr\u00e8s de leur syndicat des employ\u00e9s. Pas d\u00e9pays\u00e9e, la cinquantaine de d\u00e9l\u00e9gu\u00e9-e-s a il est vrai une longue exp\u00e9rience des changements d\u2019adresse, depuis le d\u00e9part de la Tour URSSAF rue Franklin, puis le r\u00e9cent d\u00e9m\u00e9nagement du CAP Beaune pour la rue Jean-Jacques Rousseau, et en attendant le prochain transfert de la plateforme t\u00e9l\u00e9phonique. Aussi est-ce sans h\u00e9sitation qu\u2019une forte d\u00e9l\u00e9gation du congr\u00e8s s\u2019est rendue le midi \u00e0 la CNAM voisine, pour traiter comme il faut une prochaine visite de MST (Marisol Touraine), la ministre de tutelle.<\/p>\n<p><strong>A TOTO, TOUS CGT :<\/strong> 27, rue Douy Delcupe \u2013 Chez TOTO SOLDES, entreprise d\u2019habillement, les listes CGT recueillent aux \u00e9lections du 4 novembre une moyenne de 150 voix, tous coll\u00e8ges confondus. C\u2019est donc sans surprise que le syndicat CGT remporte au CE les 10 si\u00e8ges \u00e0 pourvoir, avec une repr\u00e9sentativit\u00e9 de 100% suite \u00e0 la disparition de FO. L\u2019enseigne comptera de plus 11 d\u00e9l\u00e9gu\u00e9s du personnel en magasin, tous \u00e9lus sur \u00e9tiquette CGT.<\/p>\n<p><strong>L\u2019\u00c9TAT SE D\u00c9DOUANE-T-IL\u00a0?\u00a0:<\/strong> 11, rue des Deux Communes \u2013 Aux DOUANES, la CGT alerte les 16500 douaniers sur la responsabilit\u00e9 de l\u2019Etat dans le basculement des payes dans un nouveau syst\u00e8me baptis\u00e9 SIRHIUS, tr\u00e8s mal param\u00e9tr\u00e9. Le SNAD-CGT annonce donc aux agents pour d\u00e9cembre, un joli cadeau de fin d\u2019ann\u00e9e\u00a0: \u00ab\u00a0ta paye \u00e0 pile ou face\u00a0\u00bb ou, au choix, un bain de jouvence pour les fonctionnaires r\u00e9mun\u00e9r\u00e9s comme des stagiaires, dans une administration qui, par agent, fait rentrer le plus d\u2019argent dans les caisses de l\u2019Etat. M\u00eame pas reconnaissant\u00a0!<\/p>\n<p><strong>RISQUES SALARIAUX\u00a0:<\/strong> 8, rue de l\u2019Aqueduc \u2013 L\u2019AGENCE DE PREVENTION DES RISQUES DU B\u00c2TIMENT esp\u00e9rait s\u2019exon\u00e9rer des salaires dus \u00e0 notre camarade Patrick FLEURY en se contentant d\u2019apposer sur ses bulletins de salaire la mention \u00ab\u00a0pay\u00e9s\u00a0\u00bb. La formation des r\u00e9f\u00e9r\u00e9s en a d\u00e9cid\u00e9 autrement au Conseil de Prud\u2019hommes de Bobigny\u00a0: 6000 euros de provisions devront lui \u00eatre r\u00e9gl\u00e9s au 3 novembre et 3083 autres au 3 d\u00e9cembre, m\u00eame si le patron \u00e9chappe \u00e0 la correction sous astreinte par jour de retard des bulletins portant une mention inexacte.<\/p>\n","protected":false},"excerpt":{"rendered":"<p>Les br\u00e8ves de l\u2019UL CGT de Montreuil, 24, rue de Paris \u00a0\u00a0 Je, Tu, UL\u2026\u00a0 D\u00e9but Novembre 2014\u00a0 N\u00b0 181 \u00ab\u00a0Ils nous veulent pr\u00e9caires\u00a0: nous serons inflexibles\u00a0!\u00bb\u00a0 LES COIFFEUSES ONT LA P\u00caCHE\u00a0: 16, rue P\u00e9pin \u2013 Au CAFE LA P\u00caCHE, les coiffeuses gr\u00e9vistes du 57 boulevard de Strasbourg \u00e0 Paris avaient rendez-vous avec les lyc\u00e9ens &hellip; <\/p>\n","protected":false},"author":1,"featured_media":0,"comment_status":"closed","ping_status":"open","sticky":false,"template":"","format":"standard","meta":{"footnotes":""},"categories":[2],"tags":[],"class_list":{"0":"entry","1":"post","2":"publish","3":"author-ulmontreuil","4":"post-1031","6":"format-standard","7":"category-je-tu-ul"},"_links":{"self":[{"href":"https:\/\/www.lacgtmontreuil.fr\/index.php?rest_route=\/wp\/v2\/posts\/1031","targetHints":{"allow":["GET"]}}],"collection":[{"href":"https:\/\/www.lacgtmontreuil.fr\/index.php?rest_route=\/wp\/v2\/posts"}],"about":[{"href":"https:\/\/www.lacgtmontreuil.fr\/index.php?rest_route=\/wp\/v2\/types\/post"}],"author":[{"embeddable":true,"href":"https:\/\/www.lacgtmontreuil.fr\/index.php?rest_route=\/wp\/v2\/users\/1"}],"replies":[{"embeddable":true,"href":"https:\/\/www.lacgtmontreuil.fr\/index.php?rest_route=%2Fwp%2Fv2%2Fcomments&post=1031"}],"version-history":[{"count":1,"href":"https:\/\/www.lacgtmontreuil.fr\/index.php?rest_route=\/wp\/v2\/posts\/1031\/revisions"}],"predecessor-version":[{"id":1033,"href":"https:\/\/www.lacgtmontreuil.fr\/index.php?rest_route=\/wp\/v2\/posts\/1031\/revisions\/1033"}],"wp:attachment":[{"href":"https:\/\/www.lacgtmontreuil.fr\/index.php?rest_route=%2Fwp%2Fv2%2Fmedia&parent=1031"}],"wp:term":[{"taxonomy":"category","embeddable":true,"href":"https:\/\/www.lacgtmontreuil.fr\/index.php?rest_route=%2Fwp%2Fv2%2Fcategories&post=1031"},{"taxonomy":"post_tag","embeddable":true,"href":"https:\/\/www.lacgtmontreuil.fr\/index.php?rest_route=%2Fwp%2Fv2%2Ftags&post=1031"}],"curies":[{"name":"wp","href":"https:\/\/api.w.org\/{rel}","templated":true}]}}