{"id":10292,"date":"2025-09-13T18:54:18","date_gmt":"2025-09-13T16:54:18","guid":{"rendered":"https:\/\/www.lacgtmontreuil.fr\/?p=10292"},"modified":"2025-09-13T18:54:19","modified_gmt":"2025-09-13T16:54:19","slug":"je-tu-ul-n504-le-plein-des-voix","status":"publish","type":"post","link":"https:\/\/www.lacgtmontreuil.fr\/?p=10292","title":{"rendered":"Je, Tu, UL n\u00b0504 &#8211; LE PLEIN DES VOIX"},"content":{"rendered":"12, rue Rol Tanguy \u2013 A l\u2019AGENCE BIO, le renouvellement du CSE s\u2019est fait d\u00e8s le 1er tour, mercredi 3 septembre. Avec une premi\u00e8re : la pr\u00e9sence de listes CGT qui ont r\u00e9colt\u00e9 22 voix sur 23 inscrit-e-s, soit une repr\u00e9sentativit\u00e9 \u00e0 100%. Notre camarade Alice SENANT devrait \u00eatre d\u00e9sign\u00e9e comme nouvelle d\u00e9l\u00e9gu\u00e9e syndicale pour l\u2019Agence (cf. \u00ab Je, Tu, UL \u00bb n\u00b0502).","protected":false},"excerpt":{"rendered":"<p>12, rue Rol Tanguy \u2013 A l\u2019AGENCE BIO, le renouvellement du CSE s\u2019est fait d\u00e8s le 1er tour, mercredi 3 septembre. Avec une premi\u00e8re : la pr\u00e9sence de listes CGT qui ont r\u00e9colt\u00e9 22 voix sur 23 inscrit-e-s, soit une repr\u00e9sentativit\u00e9 \u00e0 100%. Notre camarade Alice SENANT devrait \u00eatre d\u00e9sign\u00e9e comme nouvelle d\u00e9l\u00e9gu\u00e9e syndicale pour &hellip; <\/p>\n","protected":false},"author":19,"featured_media":0,"comment_status":"closed","ping_status":"open","sticky":false,"template":"","format":"standard","meta":{"footnotes":""},"categories":[2],"tags":[],"class_list":{"0":"entry","1":"post","2":"publish","3":"author-sebastien","4":"post-10292","6":"format-standard","7":"category-je-tu-ul"},"_links":{"self":[{"href":"https:\/\/www.lacgtmontreuil.fr\/index.php?rest_route=\/wp\/v2\/posts\/10292","targetHints":{"allow":["GET"]}}],"collection":[{"href":"https:\/\/www.lacgtmontreuil.fr\/index.php?rest_route=\/wp\/v2\/posts"}],"about":[{"href":"https:\/\/www.lacgtmontreuil.fr\/index.php?rest_route=\/wp\/v2\/types\/post"}],"author":[{"embeddable":true,"href":"https:\/\/www.lacgtmontreuil.fr\/index.php?rest_route=\/wp\/v2\/users\/19"}],"replies":[{"embeddable":true,"href":"https:\/\/www.lacgtmontreuil.fr\/index.php?rest_route=%2Fwp%2Fv2%2Fcomments&post=10292"}],"version-history":[{"count":1,"href":"https:\/\/www.lacgtmontreuil.fr\/index.php?rest_route=\/wp\/v2\/posts\/10292\/revisions"}],"predecessor-version":[{"id":10295,"href":"https:\/\/www.lacgtmontreuil.fr\/index.php?rest_route=\/wp\/v2\/posts\/10292\/revisions\/10295"}],"wp:attachment":[{"href":"https:\/\/www.lacgtmontreuil.fr\/index.php?rest_route=%2Fwp%2Fv2%2Fmedia&parent=10292"}],"wp:term":[{"taxonomy":"category","embeddable":true,"href":"https:\/\/www.lacgtmontreuil.fr\/index.php?rest_route=%2Fwp%2Fv2%2Fcategories&post=10292"},{"taxonomy":"post_tag","embeddable":true,"href":"https:\/\/www.lacgtmontreuil.fr\/index.php?rest_route=%2Fwp%2Fv2%2Ftags&post=10292"}],"curies":[{"name":"wp","href":"https:\/\/api.w.org\/{rel}","templated":true}]}}