{"id":1028,"date":"2018-02-20T19:24:17","date_gmt":"2018-02-20T18:24:17","guid":{"rendered":"http:\/\/www.lacgtmontreuil.fr\/?p=1028"},"modified":"2018-02-20T19:24:17","modified_gmt":"2018-02-20T18:24:17","slug":"je-tu-ul-halloween-2014-n-180","status":"publish","type":"post","link":"https:\/\/www.lacgtmontreuil.fr\/?p=1028","title":{"rendered":"Je, Tu, UL\u2026  Halloween 2014  N\u00b0 180"},"content":{"rendered":"<p><strong> Les br\u00e8ves de l\u2019UL CGT de Montreuil, 24, rue de Paris<\/strong><\/p>\n<p><img loading=\"lazy\" decoding=\"async\" width=\"109\" height=\"155\" class=\"wp-image-1029\" src=\"https:\/\/www.lacgtmontreuil.fr\/wp-content\/uploads\/2018\/02\/logo_cgt-141.jpeg\" alt=\"logo_cgt\" \/>\u00a0\u00a0 <strong>Je, Tu, UL\u2026\u00a0 Halloween 2014\u00a0 N\u00b0 180<\/strong><\/p>\n<p><em>\u00ab\u00a0Combattre le ch\u00f4mage, oui\u00a0! <\/em><em>Combattre les ch\u00f4meurs, non\u00a0!\u00a0\u00bb\u00a0<\/em><\/p>\n<p><strong>POUR QUE VILLETTE DISCUTE\u00a0:<\/strong> 15, Place du G\u00e9n\u00e9ral de Gaulle \u2013 LEADER PRICE, enseigne de la soci\u00e9t\u00e9 VILLETTE DISCOUNT, \u00e9tait en gr\u00e8ve mardi 29 au matin. Apr\u00e8s une tentative avort\u00e9e de casser la gr\u00e8ve, la direction c\u00e9dait sur les principales revendications\u00a0: la convocation d\u2019\u00e9lections professionnelles (r\u00e9clam\u00e9es par la CGT depuis 15 jours\u2026 jusqu\u2019ici sans r\u00e9ponse), le r\u00e9tablissement de l\u2019hygi\u00e8ne dans les toilettes du personnel, la r\u00e9orientation de la vid\u00e9osurveillance et la fourniture de chaussures de s\u00e9curit\u00e9. Pour les embauches, on verra apr\u00e8s les \u00e9lections\u2026 ou apr\u00e8s la prochaine gr\u00e8ve.<\/p>\n<p><strong>SANCTIONS IMBUVABLES\u00a0:<\/strong> 2, rue de l\u2019Aqueduc \u2013 A la CITE MARYAM, la direction avait d\u00e9cid\u00e9 d\u2019arroser les 60 ans des cit\u00e9s du Secours Catholique, auquel le personnel \u00e9tait convi\u00e9, en fournissant l\u2019alcool. Fatigue aidant, le secours devenait \u00e9thylique pour certain-e-s et la m\u00eame direction d\u00e9cidait de se placer en \u00ab\u00a0observatrice\u00a0\u00bb au lieu de g\u00e9rer la situation qu\u2019elle avait provoqu\u00e9e. Aujourd\u2019hui, cette direction pr\u00e9tend sanctionner. La CGT d\u00e9clare du coup qu\u2019elle \u00ab\u00a0se r\u00e9serve le droit d\u2019agir devant les tribunaux pour la mise en danger du personnel avec la fourniture d\u2019alcool\u00a0\u00bb\u2026 si des sanctions devaient \u00eatre prises.<\/p>\n<p><strong>D\u00c9SIGN\u00c9E AVEC SOIN :<\/strong> 2, rue Armand Carrel \u2013 L\u2019Association Pour l\u2019Acc\u00e8s pour Tous aux Soins (APATS), mieux connue sous son nom de Centre SANTE MEDIA, n\u2019avait plus de repr\u00e9sentation syndicale du personnel depuis sa reprise il y a 2 ans. Une carence qui va prendre fin avec la d\u00e9signation, le 28 octobre, de notre camarade Karen ROGEON comme d\u00e9l\u00e9gu\u00e9e syndicale CGT et la formalisation de la section syndicale de l\u2019\u00e9tablissement.<\/p>\n<p><strong>\u00c1 LA SAUCE AM\u00c9RICAINE\u00a0:<\/strong> 59, rue de la R\u00e9publique \u2013 BNP PARIBAS n\u2019aura rien \u00e9pargn\u00e9 pour facturer au personnel, lors des NAO, l\u2019amende am\u00e9ricaine inflig\u00e9e \u00e0 la banque. Si les actionnaires seront dot\u00e9s en 2015 de 1.5%, pour les salari\u00e9s ce sera 0.5% au 1<sup>er<\/sup> avril prochain et 450 euros de prime d\u2019int\u00e9ressement\u00a0: et pour faire taire les m\u00e9contents, la CGT se voit dans le m\u00eame temps bloqu\u00e9e en interne dans l\u2019utilisation des mailing lists.<\/p>\n<p><strong>UNE FUSION \u00c1 TRADUIRE\u00a0:<\/strong> 14, rue de la Beaune \u2013 TELELINGUA et 4T sont en passe de fusionner, \u00e0 la demande de l\u2019actionnaire belge. Pour les sections syndicales CGT des 2 entreprises de traduction, c\u2019est le principe de faveur qui doit s\u2019appliquer pour rapprocher les conditions de travail des salari\u00e9-e-s des 2 entit\u00e9s. La direction, qui entend ren\u00e9gocier les 35 heures vers le moins disant, ne bute que sur un seul obstacle\u00a0: une CGT repr\u00e9sentative \u00e0 100% dans les 2 soci\u00e9t\u00e9s et qui ne l\u2019entend pas de cette oreille.<\/p>\n","protected":false},"excerpt":{"rendered":"<p>Les br\u00e8ves de l\u2019UL CGT de Montreuil, 24, rue de Paris \u00a0\u00a0 Je, Tu, UL\u2026\u00a0 Halloween 2014\u00a0 N\u00b0 180 \u00ab\u00a0Combattre le ch\u00f4mage, oui\u00a0! Combattre les ch\u00f4meurs, non\u00a0!\u00a0\u00bb\u00a0 POUR QUE VILLETTE DISCUTE\u00a0: 15, Place du G\u00e9n\u00e9ral de Gaulle \u2013 LEADER PRICE, enseigne de la soci\u00e9t\u00e9 VILLETTE DISCOUNT, \u00e9tait en gr\u00e8ve mardi 29 au matin. Apr\u00e8s une &hellip; <\/p>\n","protected":false},"author":1,"featured_media":0,"comment_status":"closed","ping_status":"open","sticky":false,"template":"","format":"standard","meta":{"footnotes":""},"categories":[2],"tags":[],"class_list":{"0":"entry","1":"post","2":"publish","3":"author-ulmontreuil","4":"post-1028","6":"format-standard","7":"category-je-tu-ul"},"_links":{"self":[{"href":"https:\/\/www.lacgtmontreuil.fr\/index.php?rest_route=\/wp\/v2\/posts\/1028","targetHints":{"allow":["GET"]}}],"collection":[{"href":"https:\/\/www.lacgtmontreuil.fr\/index.php?rest_route=\/wp\/v2\/posts"}],"about":[{"href":"https:\/\/www.lacgtmontreuil.fr\/index.php?rest_route=\/wp\/v2\/types\/post"}],"author":[{"embeddable":true,"href":"https:\/\/www.lacgtmontreuil.fr\/index.php?rest_route=\/wp\/v2\/users\/1"}],"replies":[{"embeddable":true,"href":"https:\/\/www.lacgtmontreuil.fr\/index.php?rest_route=%2Fwp%2Fv2%2Fcomments&post=1028"}],"version-history":[{"count":1,"href":"https:\/\/www.lacgtmontreuil.fr\/index.php?rest_route=\/wp\/v2\/posts\/1028\/revisions"}],"predecessor-version":[{"id":1030,"href":"https:\/\/www.lacgtmontreuil.fr\/index.php?rest_route=\/wp\/v2\/posts\/1028\/revisions\/1030"}],"wp:attachment":[{"href":"https:\/\/www.lacgtmontreuil.fr\/index.php?rest_route=%2Fwp%2Fv2%2Fmedia&parent=1028"}],"wp:term":[{"taxonomy":"category","embeddable":true,"href":"https:\/\/www.lacgtmontreuil.fr\/index.php?rest_route=%2Fwp%2Fv2%2Fcategories&post=1028"},{"taxonomy":"post_tag","embeddable":true,"href":"https:\/\/www.lacgtmontreuil.fr\/index.php?rest_route=%2Fwp%2Fv2%2Ftags&post=1028"}],"curies":[{"name":"wp","href":"https:\/\/api.w.org\/{rel}","templated":true}]}}