{"id":1025,"date":"2018-02-20T19:22:21","date_gmt":"2018-02-20T18:22:21","guid":{"rendered":"http:\/\/www.lacgtmontreuil.fr\/?p=1025"},"modified":"2018-02-20T19:22:21","modified_gmt":"2018-02-20T18:22:21","slug":"je-tu-ul-fin-octobre-2014-n-179","status":"publish","type":"post","link":"https:\/\/www.lacgtmontreuil.fr\/?p=1025","title":{"rendered":"Je, Tu, UL\u2026  Fin Octobre 2014  N\u00b0 179"},"content":{"rendered":"<p><strong> Les br\u00e8ves de l\u2019UL CGT de Montreuil, 24, rue de Paris<\/strong><\/p>\n<p><img loading=\"lazy\" decoding=\"async\" width=\"109\" height=\"155\" class=\"wp-image-1026\" src=\"https:\/\/www.lacgtmontreuil.fr\/wp-content\/uploads\/2018\/02\/logo_cgt-140.jpeg\" alt=\"logo_cgt\" \/>\u00a0\u00a0 <strong>Je, Tu, UL\u2026\u00a0 Fin Octobre 2014\u00a0 N\u00b0 179<\/strong><\/p>\n<p><em>\u00ab\u00a0La chasse est ouverte, la riposte aussi\u00a0\u00bb\u00a0<\/em><\/p>\n<p><strong>SI\u00c8GE \u00c8JECTABLE\u00a0?\u00a0:<\/strong> 13, Place du G\u00e9n\u00e9ral de Gaulle \u2013 L\u2019AFPA conna\u00eet une nouvelle menace sur son si\u00e8ge historique de La Noue. Le 22 octobre, la CGT du si\u00e8ge d\u00e9montait en CE la recherche de \u00ab\u00a0nouveaux locaux\u00a0\u00bb par la pr\u00e9sidence\u00a0: un d\u00e9samiantage sauvage du 1<sup>er<\/sup> \u00e9tage, un arri\u00e9r\u00e9 de loyer r\u00e9clam\u00e9 abusivement par l\u2019Etat\u2026 qui pour le d\u00e9samiantage refuse sa responsabilit\u00e9 de propri\u00e9taire et un pool bancaire dans lequel BNP PARIBAS \u00ab\u00a0soutient\u00a0\u00bb l\u2019AFPA en la poussant vers la tour T9 (ex-URSSAF), dont le loyer hors de prix est justement fix\u00e9 par BNP PARIBAS.<\/p>\n<p><strong>CHAPEAU HAUT DE FORME\u00a0:<\/strong> 38, rue Cuvier \u2013 Alors qu\u2019INEO-UTS, la filiale montreuilloise du groupe GDF-SUEZ, conna\u00eet un plan de rigueur s\u00e9v\u00e8re, 27 dirigeants du groupe, au premier rang desquels le PDG G\u00e9rald Mestrallet, ont provisionn\u00e9 103 millions d\u2019euros pour leurs retraites-chapeaux (21 millions pour le chef\u00a0!). Au nom de la CGT, notre camarade Yves LEDOUX vient d\u2019exiger de l\u2019Etat, actionnaire \u00e0 33,6% du Groupe, qu\u2019il siffle la fin de cette gabegie d\u2019argent public et transforme ces chapeaux en investissements productifs.<\/p>\n<p><strong>UNE REPR\u00c9SENTATION REPR\u00c9SENTATIVE :<\/strong> 274, rue de Rosny \u2013 Le transporteur LP ART a d\u00e9cid\u00e9ment un probl\u00e8me avec la repr\u00e9sentativit\u00e9 de la CGT. Ultra majoritaire il y a 2 ans, la CGT avait obtenu 100% des voix aux \u00e9lections de mai dernier qui viennent d\u2019\u00eatre annul\u00e9es suite \u00e0 une man\u0153uvre de la direction. En attendant les prochaines \u00e9lections annonc\u00e9es pour d\u00e9cembre, la direction soutient \u00e0 pr\u00e9sent que notre camarade Lionel HARTMANN, d\u00e9l\u00e9gu\u00e9 syndical CGT, aurait son mandat \u00ab\u00a0annul\u00e9 de fait\u00a0\u00bb. Une confusion s\u00e9mantique entre repr\u00e9sentativit\u00e9 syndicale\u2026 et re-pr\u00e9sentation des candidats, visant seulement \u00e0 retarder la n\u00e9gociation sur les salaires\u00a0!<\/p>\n<p><strong>NOUS, LA NVO\u00a0:<\/strong> 263, rue de Paris \u2013 La \u00ab\u00a0NVO\u00a0\u00bb, magazine de la CGT, conna\u00eet une restructuration douloureuse avec son passage en mensuel. Les \u00e9lus CGT et le CHSCT d\u00e9noncent la multiplication des incidents et les risques psychosociaux pour les salari\u00e9s qui, r\u00e9unis en assembl\u00e9 g\u00e9n\u00e9rale le 20 octobre, ont lanc\u00e9 un appel \u00ab\u00a0Nous, les salari\u00e9s de la NVO\u00a0\u00bb affirmant qu\u2019ils ne pouvaient faire silence sur les maltraitances \u00ab\u00a0au risque d\u2019endosser une l\u00e2chet\u00e9 qui insulte la fraternit\u00e9 que nous devons plus que jamais pr\u00f4ner au sein de la CGT comme partout dans notre douce France\u00a0\u00bb.<\/p>\n<p><strong>SOLIDAR\u2019IMMONDE\u00a0:<\/strong> 14, rue de la Beaune \u2013 SOLIDAR\u2019MONDE semble de plus en plus pr\u00e9f\u00e9rer la loi de la jungle au commerce \u00e9quitable dont cette entreprise se revendique pourtant. Malgr\u00e9 une condamnation cet \u00e9t\u00e9 par le TGI de Bobigny, SOLIDAR\u2019MONDE continue de vouloir \u00e9trangler les droits collectifs\u2026 mettant en avant une \u00ab\u00a0p\u00e9tition\u00a0\u00bb de 14 salari\u00e9s pour supprimer le Comit\u00e9 d\u2019Entreprise. Afin de contourner une nouvelle contestation, la direction convoque les syndicats \u00e0 une \u00ab\u00a0r\u00e9union informelle\u00a0\u00bb le 7 novembre prochain, pour anticiper sur les d\u00e9lais de recours\u2026 A suivre.<\/p>\n","protected":false},"excerpt":{"rendered":"<p>Les br\u00e8ves de l\u2019UL CGT de Montreuil, 24, rue de Paris \u00a0\u00a0 Je, Tu, UL\u2026\u00a0 Fin Octobre 2014\u00a0 N\u00b0 179 \u00ab\u00a0La chasse est ouverte, la riposte aussi\u00a0\u00bb\u00a0 SI\u00c8GE \u00c8JECTABLE\u00a0?\u00a0: 13, Place du G\u00e9n\u00e9ral de Gaulle \u2013 L\u2019AFPA conna\u00eet une nouvelle menace sur son si\u00e8ge historique de La Noue. Le 22 octobre, la CGT du si\u00e8ge &hellip; <\/p>\n","protected":false},"author":1,"featured_media":0,"comment_status":"closed","ping_status":"open","sticky":false,"template":"","format":"standard","meta":{"footnotes":""},"categories":[2],"tags":[],"class_list":{"0":"entry","1":"post","2":"publish","3":"author-ulmontreuil","4":"post-1025","6":"format-standard","7":"category-je-tu-ul"},"_links":{"self":[{"href":"https:\/\/www.lacgtmontreuil.fr\/index.php?rest_route=\/wp\/v2\/posts\/1025","targetHints":{"allow":["GET"]}}],"collection":[{"href":"https:\/\/www.lacgtmontreuil.fr\/index.php?rest_route=\/wp\/v2\/posts"}],"about":[{"href":"https:\/\/www.lacgtmontreuil.fr\/index.php?rest_route=\/wp\/v2\/types\/post"}],"author":[{"embeddable":true,"href":"https:\/\/www.lacgtmontreuil.fr\/index.php?rest_route=\/wp\/v2\/users\/1"}],"replies":[{"embeddable":true,"href":"https:\/\/www.lacgtmontreuil.fr\/index.php?rest_route=%2Fwp%2Fv2%2Fcomments&post=1025"}],"version-history":[{"count":1,"href":"https:\/\/www.lacgtmontreuil.fr\/index.php?rest_route=\/wp\/v2\/posts\/1025\/revisions"}],"predecessor-version":[{"id":1027,"href":"https:\/\/www.lacgtmontreuil.fr\/index.php?rest_route=\/wp\/v2\/posts\/1025\/revisions\/1027"}],"wp:attachment":[{"href":"https:\/\/www.lacgtmontreuil.fr\/index.php?rest_route=%2Fwp%2Fv2%2Fmedia&parent=1025"}],"wp:term":[{"taxonomy":"category","embeddable":true,"href":"https:\/\/www.lacgtmontreuil.fr\/index.php?rest_route=%2Fwp%2Fv2%2Fcategories&post=1025"},{"taxonomy":"post_tag","embeddable":true,"href":"https:\/\/www.lacgtmontreuil.fr\/index.php?rest_route=%2Fwp%2Fv2%2Ftags&post=1025"}],"curies":[{"name":"wp","href":"https:\/\/api.w.org\/{rel}","templated":true}]}}