{"id":1022,"date":"2018-02-20T19:20:39","date_gmt":"2018-02-20T18:20:39","guid":{"rendered":"http:\/\/www.lacgtmontreuil.fr\/?p=1022"},"modified":"2018-02-20T19:20:39","modified_gmt":"2018-02-20T18:20:39","slug":"je-tu-ul-mi-octobre-2014-n-178","status":"publish","type":"post","link":"https:\/\/www.lacgtmontreuil.fr\/?p=1022","title":{"rendered":"Je, Tu, UL\u2026  Mi-Octobre 2014  N\u00b0 178"},"content":{"rendered":"<p><strong> Les br\u00e8ves de l\u2019UL CGT de Montreuil, 24, rue de Paris<\/strong><\/p>\n<p><img loading=\"lazy\" decoding=\"async\" width=\"109\" height=\"155\" class=\"wp-image-1023\" src=\"https:\/\/www.lacgtmontreuil.fr\/wp-content\/uploads\/2018\/02\/logo_cgt-139.jpeg\" alt=\"logo_cgt\" \/>\u00a0\u00a0 <strong>Je, Tu, UL\u2026\u00a0 Mi-Octobre 2014\u00a0 N\u00b0 178<\/strong><\/p>\n<p><em>\u00ab\u00a0SECUlott\u00e9, tant d\u2019aust\u00e9rit\u00e9\u00a0\u00bb\u00a0<\/em><\/p>\n<p><strong>LE CIEL SUR LA T\u00caTE\u00a0:<\/strong> 219, rue Etienne Marcel \u2013 Chez CIEL BLEU, fabricant de pr\u00eat \u00e0 porter, notre camarade NOY alertait sur l\u2019apparition dans l\u2019atelier de palettes plus adapt\u00e9es \u00e0 un d\u00e9m\u00e9nagement qu\u2019\u00e0 l\u2019empaquetage en vue de leur livraison des habits cousus sur place. Bien vu, puisque le week-end dernier, le patron disparaissait en emportant les machines. Ni pay\u00e9es, ni licenci\u00e9es, les 5 syndiqu\u00e9es, Mmes HUANG, LIN, NOY, ZHANG et ZHU ont aussit\u00f4t saisi l\u2019inspection du travail et le Conseil de Prud\u2019hommes.<\/p>\n<p><strong>L\u2019OFFICIEL DE L\u2019OPHM:<\/strong> 17, rue Moli\u00e8re \u2013 A l\u2019OPHM, \u00ab\u00a0Je, Tu, UL\u00a0\u00bb a vu na\u00eetre un nouveau confr\u00e8re, l\u2019organe des syndiqu\u00e9s CGT de l\u2019Office qui s\u2019intitule \u00ab\u00a0L\u00a0\u00bbofficiel montreuillois\u00a0\u00bb et annonce par exemple l\u2019AG du personnel tenue jeudi 16 en pr\u00e9paration des \u00e9lections professionnelles du 4 d\u00e9cembre. Une belle lettre \u00e9lectronique \u00e0 laquelle on peut s\u2019abonner \u00e0 cette adresse\u00a0: <a href=\"mailto:cgtophm93@gmail.com\">cgtophm93@gmail.com<\/a>.<\/p>\n<p><strong>ACTIONNAIRE \u00c1 VENDRE :<\/strong> 15-19, rue Franklin \u2013 Curieux accueil \u00e0 l\u2019H\u00d4TEL FRANKLIN pour les revendications du personnel\u00a0! Alors que notre camarade Nezha BOUCHENAK interpelait l\u2019employeur sur les conditions de travail, sa p\u00e9tition \u00e9tait trait\u00e9e de \u00ab\u00a0torchon\u00a0\u00bb et le refus de tout dialogue conduisait la section CGT \u00e0 d\u00e9noncer un d\u00e9lit d\u2019entrave. Cette semaine, la direction \u2013 redevenue sereine \u2013 r\u00e9unissait le personnel pour proposer\u2026 la vente de l\u2019h\u00f4tel et donc le remplacement de l\u2019actionnaire qui confondait les torchons avec les p\u00e9titions.<\/p>\n<p><strong>PAS DE REMISE \u00c1 L\u2019APAJH\u00a0:<\/strong> 19, rue des Bons Plants \u2013 Au Foyer APAJH de Montreuil, le respect des droits syndicaux reste un sport de combat. Et notre camarade Daouia AZIB vient d\u2019y marquer un point en obtenant en r\u00e9f\u00e9r\u00e9, devant le Conseil de Prud\u2019hommes, la condamnation de l\u2019employeur \u00e0 lui rembourser un retrait abusif de 105 euros, correspondant \u00e0 une journ\u00e9e de d\u00e9l\u00e9gation qu\u2019elle avait justifi\u00e9e. L\u2019APAJH devra de plus lui payer 200 euros pour la proc\u00e9dure qu\u2019elle avait d\u00fb engager pour faire respecter son mandat d\u2019\u00e9lue CGT.<\/p>\n<p><strong>L\u2019ART DE NE PAS N\u00c9GOCIER\u00a0:<\/strong> 274, rue de Rosny \u2013 Chez LP ART, les \u00e9lections en mai dernier s\u2019\u00e9taient sold\u00e9es par une victoire de la CGT dans les 2 coll\u00e8ges. De recours en recours, la Direction a fini par obtenir l\u2019annulation de ces \u00e9lections\u2026 \u00e0 cause des votes par correspondance qu\u2019elle n\u2019avait elle-m\u00eame pas envoy\u00e9s\u00a0: une annulation qui tombe \u00e0 pic pour retarder la NAO et la production des comptes de l\u2019entreprise au CE. Nullement r\u00e9sign\u00e9e, la CGT, apr\u00e8s consultation des syndiqu\u00e9s, vient de d\u00e9signer notre camarade Lionel HARTMANN comme nouveau d\u00e9l\u00e9gu\u00e9 syndical CGT, avec la lourde charge de r\u00e9tablir un fonctionnement normal des institutions repr\u00e9sentatives du personnel.<\/p>\n","protected":false},"excerpt":{"rendered":"<p>Les br\u00e8ves de l\u2019UL CGT de Montreuil, 24, rue de Paris \u00a0\u00a0 Je, Tu, UL\u2026\u00a0 Mi-Octobre 2014\u00a0 N\u00b0 178 \u00ab\u00a0SECUlott\u00e9, tant d\u2019aust\u00e9rit\u00e9\u00a0\u00bb\u00a0 LE CIEL SUR LA T\u00caTE\u00a0: 219, rue Etienne Marcel \u2013 Chez CIEL BLEU, fabricant de pr\u00eat \u00e0 porter, notre camarade NOY alertait sur l\u2019apparition dans l\u2019atelier de palettes plus adapt\u00e9es \u00e0 un d\u00e9m\u00e9nagement &hellip; <\/p>\n","protected":false},"author":1,"featured_media":0,"comment_status":"closed","ping_status":"open","sticky":false,"template":"","format":"standard","meta":{"footnotes":""},"categories":[2],"tags":[],"class_list":{"0":"entry","1":"post","2":"publish","3":"author-ulmontreuil","4":"post-1022","6":"format-standard","7":"category-je-tu-ul"},"_links":{"self":[{"href":"https:\/\/www.lacgtmontreuil.fr\/index.php?rest_route=\/wp\/v2\/posts\/1022","targetHints":{"allow":["GET"]}}],"collection":[{"href":"https:\/\/www.lacgtmontreuil.fr\/index.php?rest_route=\/wp\/v2\/posts"}],"about":[{"href":"https:\/\/www.lacgtmontreuil.fr\/index.php?rest_route=\/wp\/v2\/types\/post"}],"author":[{"embeddable":true,"href":"https:\/\/www.lacgtmontreuil.fr\/index.php?rest_route=\/wp\/v2\/users\/1"}],"replies":[{"embeddable":true,"href":"https:\/\/www.lacgtmontreuil.fr\/index.php?rest_route=%2Fwp%2Fv2%2Fcomments&post=1022"}],"version-history":[{"count":1,"href":"https:\/\/www.lacgtmontreuil.fr\/index.php?rest_route=\/wp\/v2\/posts\/1022\/revisions"}],"predecessor-version":[{"id":1024,"href":"https:\/\/www.lacgtmontreuil.fr\/index.php?rest_route=\/wp\/v2\/posts\/1022\/revisions\/1024"}],"wp:attachment":[{"href":"https:\/\/www.lacgtmontreuil.fr\/index.php?rest_route=%2Fwp%2Fv2%2Fmedia&parent=1022"}],"wp:term":[{"taxonomy":"category","embeddable":true,"href":"https:\/\/www.lacgtmontreuil.fr\/index.php?rest_route=%2Fwp%2Fv2%2Fcategories&post=1022"},{"taxonomy":"post_tag","embeddable":true,"href":"https:\/\/www.lacgtmontreuil.fr\/index.php?rest_route=%2Fwp%2Fv2%2Ftags&post=1022"}],"curies":[{"name":"wp","href":"https:\/\/api.w.org\/{rel}","templated":true}]}}