{"id":1019,"date":"2018-02-20T19:18:51","date_gmt":"2018-02-20T18:18:51","guid":{"rendered":"http:\/\/www.lacgtmontreuil.fr\/?p=1019"},"modified":"2018-02-20T19:18:51","modified_gmt":"2018-02-20T18:18:51","slug":"je-tu-ul-mi-octobre-2014-n-177","status":"publish","type":"post","link":"https:\/\/www.lacgtmontreuil.fr\/?p=1019","title":{"rendered":"Je, Tu, UL\u2026  Mi-Octobre 2014  N\u00b0 177"},"content":{"rendered":"<p><strong> Les br\u00e8ves de l\u2019UL CGT de Montreuil, 24, rue de Paris<\/strong><\/p>\n<p><img loading=\"lazy\" decoding=\"async\" width=\"109\" height=\"155\" class=\"wp-image-1020\" src=\"https:\/\/www.lacgtmontreuil.fr\/wp-content\/uploads\/2018\/02\/logo_cgt-138.jpeg\" alt=\"logo_cgt\" \/>\u00a0\u00a0 <strong>Je, Tu, UL\u2026\u00a0 Mi-Octobre 2014\u00a0 N\u00b0 177<\/strong><\/p>\n<p><em>\u00ab\u00a0Pas de guerre entre les peuples, pas de paix entre les classes\u00a0!\u00a0\u00bb\u00a0<\/em><\/p>\n<p><strong>PAS D\u2019ESSORAGE CHEZ HUMANIS\u00a0:<\/strong> 93, rue Marceau \u2013 Chez HUMANIS, le bien mal nomm\u00e9 groupe de protection sociale n\u00e9 du rapprochement NOVALIS-TAITBOUT, VAUBAN et APRIONIS, la meilleure protection du personnel reste la gr\u00e8ve. Jeudi 9 octobre, 2 heures d\u2019arr\u00eat de travail ont \u00e9t\u00e9 n\u00e9cessaires pour d\u00e9fendre les statuts permettant d\u2019am\u00e9nager le temps de travail en conciliant vie professionnelle et vie priv\u00e9e \u00e0 l\u2019heure o\u00f9 le Directeur G\u00e9n\u00e9ral projette \u00ab\u00a0d\u2019essorer\u00a0\u00bb les droits collectifs au minimum de la convention collective. Gr\u00e8ve suivie sur une centaine de sites, dont Montreuil avec une trentaine de gr\u00e9vistes.<\/p>\n<p><strong>INDIRECTS MAIS IMM\u00c9DIATS:<\/strong> 11, rue des Deux Communes \u2013 Aux DOUANES ET DROITS INDIRECTS, le syndicat CGT parle de \u00ab\u00a0bonneteau\u00a0sur les emplois\u00a0\u00bb tant les annonces gouvernementales fluctuent sur la question des futurs effectifs. Comment s\u2019en \u00e9tonner, lorsqu\u2019on d\u00e9couvre, sur cette vid\u00e9o de BFMTV, la Ministre S\u00e9gol\u00e8ne Royal apprendre de la bouche du journaliste J.J. Bourdin les effets sur la Douane et ses personnels\u2026 de la suppression de l\u2019\u00e9cotaxe poids lourds\u00a0? Vid\u00e9o que l\u2019on peut visionner ici (\u00e0 partir de 16\u201925\u2019\u2019)\u00a0: <a href=\"http:\/\/www.bfmtv.com\/mediaplayer\/video\/bourdin-direct-sacgolane-royal-1010-329830.html\">http:\/\/www.bfmtv.com\/mediaplayer\/video\/bourdin-direct-sacgolane-royal-1010-329830.html<\/a><\/p>\n<p><strong>LA NAO \u00c1 L\u2019AMENDE :<\/strong> 59, avenue de la R\u00e9publique \u2013 BNP PARIBAS entend une nouvelle fois tirer vers le bas la N\u00e9gociation Annuelle Obligatoire, avec une proposition de 0.5% au 1<sup>er<\/sup> avril 2015 et quelques mesures individuelles ou al\u00e9atoires\u2026 au nom de l\u2019amende am\u00e9ricaine inflig\u00e9e au groupe bancaire. Apr\u00e8s la r\u00e9union de NAO du 7 octobre, la CGT appelle donc les salari\u00e9s \u00e0 intervenir pour qu\u2019\u00e0 la prochaine r\u00e9union du 23, de v\u00e9ritables mesures planchers soient n\u00e9goci\u00e9es et que les moyens soient enfin mis pour l\u2019\u00e9galit\u00e9 hommes-femmes en terme de r\u00e9mun\u00e9ration.<\/p>\n<p><strong>DU ROUGE DANS LA SEMAINE BLEUE\u00a0?\u00a0:<\/strong> 23, rue Gaston Lauriau \u2013 Le CLIC, service municipal des personnes \u00e2g\u00e9es, annon\u00e7ait le 9 octobre, 9 circuits \u00e0 Montreuil pour la \u00ab\u00a0semaine bleue\u00a02014\u00bb consacr\u00e9e aux retrait\u00e9s. Une occasion pour le collectif retrait\u00e9s de l\u2019UL-CGT de rappeler, par tracts, qu\u2019il \u00e9tait lui aussi \u00ab\u00a0cr\u00e9atif et citoyen\u00a0\u00bb comme la th\u00e9matique de la semaine\u2026 et disponible chaque mardi de 14h \u00e0 16h \u00e0 la Bourse du Travail de Montreuil.<\/p>\n<p><strong>DANGEREUSE INCOMP\u00c9TENCE :<\/strong> 263, rue de Paris \u2013 A l\u2019AFUL, g\u00e9rant le complexe CGT de Montreuil, c\u2019est notre camarade Eric DUVAL, d\u00e9l\u00e9gu\u00e9 syndical CGT, qui en vient \u00e0 utiliser son droit de retrait d\u2019une situation dangereuse. Dans son service, l\u2019ensemble des salari\u00e9s signalait depuis 2013 l\u2019incomp\u00e9tence d\u2019un salari\u00e9 plac\u00e9 en situation d\u2019encadrement\u00a0: le retour de celui-ci au service informatique, dans un contexte aussi tendu, ne saurait en effet qu\u2019aboutir \u00e0 une d\u00e9g\u00e9n\u00e9rescence de la situation que le syndicat entend \u00e9viter.<\/p>\n","protected":false},"excerpt":{"rendered":"<p>Les br\u00e8ves de l\u2019UL CGT de Montreuil, 24, rue de Paris \u00a0\u00a0 Je, Tu, UL\u2026\u00a0 Mi-Octobre 2014\u00a0 N\u00b0 177 \u00ab\u00a0Pas de guerre entre les peuples, pas de paix entre les classes\u00a0!\u00a0\u00bb\u00a0 PAS D\u2019ESSORAGE CHEZ HUMANIS\u00a0: 93, rue Marceau \u2013 Chez HUMANIS, le bien mal nomm\u00e9 groupe de protection sociale n\u00e9 du rapprochement NOVALIS-TAITBOUT, VAUBAN et &hellip; <\/p>\n","protected":false},"author":1,"featured_media":0,"comment_status":"closed","ping_status":"open","sticky":false,"template":"","format":"standard","meta":{"footnotes":""},"categories":[2],"tags":[],"class_list":{"0":"entry","1":"post","2":"publish","3":"author-ulmontreuil","4":"post-1019","6":"format-standard","7":"category-je-tu-ul"},"_links":{"self":[{"href":"https:\/\/www.lacgtmontreuil.fr\/index.php?rest_route=\/wp\/v2\/posts\/1019","targetHints":{"allow":["GET"]}}],"collection":[{"href":"https:\/\/www.lacgtmontreuil.fr\/index.php?rest_route=\/wp\/v2\/posts"}],"about":[{"href":"https:\/\/www.lacgtmontreuil.fr\/index.php?rest_route=\/wp\/v2\/types\/post"}],"author":[{"embeddable":true,"href":"https:\/\/www.lacgtmontreuil.fr\/index.php?rest_route=\/wp\/v2\/users\/1"}],"replies":[{"embeddable":true,"href":"https:\/\/www.lacgtmontreuil.fr\/index.php?rest_route=%2Fwp%2Fv2%2Fcomments&post=1019"}],"version-history":[{"count":1,"href":"https:\/\/www.lacgtmontreuil.fr\/index.php?rest_route=\/wp\/v2\/posts\/1019\/revisions"}],"predecessor-version":[{"id":1021,"href":"https:\/\/www.lacgtmontreuil.fr\/index.php?rest_route=\/wp\/v2\/posts\/1019\/revisions\/1021"}],"wp:attachment":[{"href":"https:\/\/www.lacgtmontreuil.fr\/index.php?rest_route=%2Fwp%2Fv2%2Fmedia&parent=1019"}],"wp:term":[{"taxonomy":"category","embeddable":true,"href":"https:\/\/www.lacgtmontreuil.fr\/index.php?rest_route=%2Fwp%2Fv2%2Fcategories&post=1019"},{"taxonomy":"post_tag","embeddable":true,"href":"https:\/\/www.lacgtmontreuil.fr\/index.php?rest_route=%2Fwp%2Fv2%2Ftags&post=1019"}],"curies":[{"name":"wp","href":"https:\/\/api.w.org\/{rel}","templated":true}]}}