{"id":10121,"date":"2025-06-15T19:04:52","date_gmt":"2025-06-15T17:04:52","guid":{"rendered":"https:\/\/www.lacgtmontreuil.fr\/?p=10121"},"modified":"2025-06-15T19:04:53","modified_gmt":"2025-06-15T17:04:53","slug":"je-tu-ul-n-499-130-ans-et-toutes-ses-dents","status":"publish","type":"post","link":"https:\/\/www.lacgtmontreuil.fr\/?p=10121","title":{"rendered":"Je, Tu, UL n\u00b0 499 &#8211; 130 ANS ET TOUTES SES DENTS"},"content":{"rendered":"Place Jean Jaur\u00e8s \u2013 La CGT f\u00eatait vendredi 13 son 130\u00e8me anniversaire, en pr\u00e9sence de Sophie BINET et d\u2019actrices et acteurs des luttes actuelles. Plusieurs milliers de Montreuillois-e-s et de militant-e-s ont aussi pu \u00e9changer autour des stands, avant la soir\u00e9e de concerts jusque tard dans la nuit du samedi. L\u2019Union Locale CGT de Montreuil y a pr\u00e9sent\u00e9 son tout nouveau livret d\u2019accueil \u00ab sp\u00e9cial 130 ans \u00bb et invit\u00e9 \u00e0 la syndicalisation.","protected":false},"excerpt":{"rendered":"<p>Place Jean Jaur\u00e8s \u2013 La CGT f\u00eatait vendredi 13 son 130\u00e8me anniversaire, en pr\u00e9sence de Sophie BINET et d\u2019actrices et acteurs des luttes actuelles. Plusieurs milliers de Montreuillois-e-s et de militant-e-s ont aussi pu \u00e9changer autour des stands, avant la soir\u00e9e de concerts jusque tard dans la nuit du samedi. L\u2019Union Locale CGT de Montreuil &hellip; <\/p>\n","protected":false},"author":19,"featured_media":0,"comment_status":"closed","ping_status":"open","sticky":false,"template":"","format":"standard","meta":{"footnotes":""},"categories":[2],"tags":[],"class_list":{"0":"entry","1":"post","2":"publish","3":"author-sebastien","4":"post-10121","6":"format-standard","7":"category-je-tu-ul"},"_links":{"self":[{"href":"https:\/\/www.lacgtmontreuil.fr\/index.php?rest_route=\/wp\/v2\/posts\/10121","targetHints":{"allow":["GET"]}}],"collection":[{"href":"https:\/\/www.lacgtmontreuil.fr\/index.php?rest_route=\/wp\/v2\/posts"}],"about":[{"href":"https:\/\/www.lacgtmontreuil.fr\/index.php?rest_route=\/wp\/v2\/types\/post"}],"author":[{"embeddable":true,"href":"https:\/\/www.lacgtmontreuil.fr\/index.php?rest_route=\/wp\/v2\/users\/19"}],"replies":[{"embeddable":true,"href":"https:\/\/www.lacgtmontreuil.fr\/index.php?rest_route=%2Fwp%2Fv2%2Fcomments&post=10121"}],"version-history":[{"count":1,"href":"https:\/\/www.lacgtmontreuil.fr\/index.php?rest_route=\/wp\/v2\/posts\/10121\/revisions"}],"predecessor-version":[{"id":10124,"href":"https:\/\/www.lacgtmontreuil.fr\/index.php?rest_route=\/wp\/v2\/posts\/10121\/revisions\/10124"}],"wp:attachment":[{"href":"https:\/\/www.lacgtmontreuil.fr\/index.php?rest_route=%2Fwp%2Fv2%2Fmedia&parent=10121"}],"wp:term":[{"taxonomy":"category","embeddable":true,"href":"https:\/\/www.lacgtmontreuil.fr\/index.php?rest_route=%2Fwp%2Fv2%2Fcategories&post=10121"},{"taxonomy":"post_tag","embeddable":true,"href":"https:\/\/www.lacgtmontreuil.fr\/index.php?rest_route=%2Fwp%2Fv2%2Ftags&post=10121"}],"curies":[{"name":"wp","href":"https:\/\/api.w.org\/{rel}","templated":true}]}}